{"id":915,"date":"2023-09-15T11:30:03","date_gmt":"2023-09-15T10:30:03","guid":{"rendered":"https:\/\/agrupamentodealmeida.net\/prtl\/?p=915"},"modified":"2023-10-04T14:52:39","modified_gmt":"2023-10-04T13:52:39","slug":"inicio-das-atividades-promovidas-pelo-municipio-de-almeida-caf-e-aecs","status":"publish","type":"post","link":"https:\/\/agrupamentodealmeida.net\/prtl\/?p=915","title":{"rendered":"In\u00edcio das atividades promovidas pelo Munic\u00edpio de Almeida &#8211; (CAF e AECs)"},"content":{"rendered":"\n<p>        Informo os Encarregados de Educa\u00e7\u00e3o do 1\u00ba Ciclo que as atividades promovidas pelo Munic\u00edpio de Almeida (Atividades Extra Curriculares &#8211; AECs e Componente de Apoio \u00e0 Fam\u00edlia &#8211; CAF) apenas ter\u00e3o in\u00edcio nos primeiros dias do m\u00eas de outubro. At\u00e9 \u00e0 data do in\u00edcio destas atividades solicitamos aos Sr.s Encarregados de Educa\u00e7\u00e3o que se responsabilizem pela recolha dos seus educandos logo que termine a componente do professor titular que consta no hor\u00e1rio da turma.<\/p>\n\n\n\n<p class=\"has-text-align-center\">A diretora<\/p>\n\n\n\n<p class=\"has-text-align-center\">Eug\u00e9nia Pinto<\/p>\n\n\n<div class=\"wp-block-image\">\n<figure class=\"aligncenter size-large\"><img loading=\"lazy\" decoding=\"async\" width=\"1024\" height=\"731\" src=\"https:\/\/agrupamentodealmeida.net\/prtl\/wp-content\/uploads\/2023\/09\/R-1024x731.jpg\" alt=\"\" class=\"wp-image-916\" srcset=\"https:\/\/agrupamentodealmeida.net\/prtl\/wp-content\/uploads\/2023\/09\/R-1024x731.jpg 1024w, https:\/\/agrupamentodealmeida.net\/prtl\/wp-content\/uploads\/2023\/09\/R-300x214.jpg 300w, https:\/\/agrupamentodealmeida.net\/prtl\/wp-content\/uploads\/2023\/09\/R-768x549.jpg 768w, https:\/\/agrupamentodealmeida.net\/prtl\/wp-content\/uploads\/2023\/09\/R.jpg 1400w\" sizes=\"(max-width: 1024px) 100vw, 1024px\" \/><\/figure><\/div>","protected":false},"excerpt":{"rendered":"<p>Informo os Encarregados de Educa\u00e7\u00e3o do 1\u00ba Ciclo que as atividades promovidas pelo Munic\u00edpio de Almeida (Atividades Extra Curriculares &#8211; AECs e Componente de Apoio \u00e0 Fam\u00edlia &#8211; CAF) apenas ter\u00e3o in\u00edcio nos primeiros dias do m\u00eas de outubro. At\u00e9<\/p>\n","protected":false},"author":3,"featured_media":0,"comment_status":"closed","ping_status":"closed","sticky":false,"template":"","format":"standard","meta":{"footnotes":""},"categories":[14],"tags":[],"_links":{"self":[{"href":"https:\/\/agrupamentodealmeida.net\/prtl\/index.php?rest_route=\/wp\/v2\/posts\/915"}],"collection":[{"href":"https:\/\/agrupamentodealmeida.net\/prtl\/index.php?rest_route=\/wp\/v2\/posts"}],"about":[{"href":"https:\/\/agrupamentodealmeida.net\/prtl\/index.php?rest_route=\/wp\/v2\/types\/post"}],"author":[{"embeddable":true,"href":"https:\/\/agrupamentodealmeida.net\/prtl\/index.php?rest_route=\/wp\/v2\/users\/3"}],"replies":[{"embeddable":true,"href":"https:\/\/agrupamentodealmeida.net\/prtl\/index.php?rest_route=%2Fwp%2Fv2%2Fcomments&post=915"}],"version-history":[{"count":3,"href":"https:\/\/agrupamentodealmeida.net\/prtl\/index.php?rest_route=\/wp\/v2\/posts\/915\/revisions"}],"predecessor-version":[{"id":919,"href":"https:\/\/agrupamentodealmeida.net\/prtl\/index.php?rest_route=\/wp\/v2\/posts\/915\/revisions\/919"}],"wp:attachment":[{"href":"https:\/\/agrupamentodealmeida.net\/prtl\/index.php?rest_route=%2Fwp%2Fv2%2Fmedia&parent=915"}],"wp:term":[{"taxonomy":"category","embeddable":true,"href":"https:\/\/agrupamentodealmeida.net\/prtl\/index.php?rest_route=%2Fwp%2Fv2%2Fcategories&post=915"},{"taxonomy":"post_tag","embeddable":true,"href":"https:\/\/agrupamentodealmeida.net\/prtl\/index.php?rest_route=%2Fwp%2Fv2%2Ftags&post=915"}],"curies":[{"name":"wp","href":"https:\/\/api.w.org\/{rel}","templated":true}]}}