{"id":902,"date":"2023-09-08T11:18:32","date_gmt":"2023-09-08T10:18:32","guid":{"rendered":"https:\/\/agrupamentodealmeida.net\/prtl\/?p=902"},"modified":"2023-09-08T11:23:17","modified_gmt":"2023-09-08T10:23:17","slug":"informacao-cadernos-de-atividades-do-aluno_-2023-24","status":"publish","type":"post","link":"https:\/\/agrupamentodealmeida.net\/prtl\/?p=902","title":{"rendered":"Informa\u00e7\u00e3o Cadernos de atividades do aluno_ 2023\/24"},"content":{"rendered":"\n<p>Caros Encarregados de Educa\u00e7\u00e3o,<\/p>\n\n\n\n<p>Informo que, no \u00e2mbito da sua pol\u00edtica educativa o Munic\u00edpio de Almeida, apoia a aquisi\u00e7\u00e3o de Cadernos de Apoio Pedag\u00f3gico para o ano letivo 2023\/2024, medida dirigida a todos os alunos que frequentam o Agrupamento de Escolas de Almeida.<\/p>\n\n\n<div class=\"wp-block-image\">\n<figure class=\"alignright size-full\"><img loading=\"lazy\" decoding=\"async\" width=\"412\" height=\"416\" src=\"https:\/\/agrupamentodealmeida.net\/prtl\/wp-content\/uploads\/2023\/09\/livros-1-1.png\" alt=\"\" class=\"wp-image-910\" srcset=\"https:\/\/agrupamentodealmeida.net\/prtl\/wp-content\/uploads\/2023\/09\/livros-1-1.png 412w, https:\/\/agrupamentodealmeida.net\/prtl\/wp-content\/uploads\/2023\/09\/livros-1-1-297x300.png 297w, https:\/\/agrupamentodealmeida.net\/prtl\/wp-content\/uploads\/2023\/09\/livros-1-1-150x150.png 150w\" sizes=\"(max-width: 412px) 100vw, 412px\" \/><\/figure><\/div>\n\n\n<p>Solicitamos aos Encarregados de Educa\u00e7\u00e3o, interessados em beneficiar deste apoio, que se dirijam aos Servi\u00e7os Administrativos das Escolas do Agrupamento, fazendo-se acompanhar dos seguintes documentos:<\/p>\n\n\n\n<p>\u00b7 Faturas\/recibos \u00fanica e exclusivamente referentes aos cadernos de atividades;<\/p>\n\n\n\n<p>\u00b7 N\u00famero de contribuinte do Encarregado de Educa\u00e7\u00e3o;<\/p>\n\n\n\n<p>\u00b7 Morada;<\/p>\n\n\n\n<p>\u00b7 Contato telef\u00f3nico;<\/p>\n\n\n\n<p>\u00b7 IBAN do encarregado de educa\u00e7\u00e3o.<\/p>\n\n\n\n<p>Qualquer d\u00favida ou necessidade de esclarecimento, recomendamos que utilizem os usuais canais de comunica\u00e7\u00e3o com o Agrupamento de Escolas de Almeida.<\/p>\n\n\n\n\n\n\n\n\n\n\n\n\n","protected":false},"excerpt":{"rendered":"<p>Caros Encarregados de Educa\u00e7\u00e3o, Informo que, no \u00e2mbito da sua pol\u00edtica educativa o Munic\u00edpio de Almeida, apoia a aquisi\u00e7\u00e3o de Cadernos de Apoio Pedag\u00f3gico para o ano letivo 2023\/2024, medida dirigida a todos os alunos que frequentam o Agrupamento de<\/p>\n","protected":false},"author":3,"featured_media":0,"comment_status":"closed","ping_status":"closed","sticky":false,"template":"","format":"standard","meta":{"footnotes":""},"categories":[14],"tags":[],"_links":{"self":[{"href":"https:\/\/agrupamentodealmeida.net\/prtl\/index.php?rest_route=\/wp\/v2\/posts\/902"}],"collection":[{"href":"https:\/\/agrupamentodealmeida.net\/prtl\/index.php?rest_route=\/wp\/v2\/posts"}],"about":[{"href":"https:\/\/agrupamentodealmeida.net\/prtl\/index.php?rest_route=\/wp\/v2\/types\/post"}],"author":[{"embeddable":true,"href":"https:\/\/agrupamentodealmeida.net\/prtl\/index.php?rest_route=\/wp\/v2\/users\/3"}],"replies":[{"embeddable":true,"href":"https:\/\/agrupamentodealmeida.net\/prtl\/index.php?rest_route=%2Fwp%2Fv2%2Fcomments&post=902"}],"version-history":[{"count":2,"href":"https:\/\/agrupamentodealmeida.net\/prtl\/index.php?rest_route=\/wp\/v2\/posts\/902\/revisions"}],"predecessor-version":[{"id":911,"href":"https:\/\/agrupamentodealmeida.net\/prtl\/index.php?rest_route=\/wp\/v2\/posts\/902\/revisions\/911"}],"wp:attachment":[{"href":"https:\/\/agrupamentodealmeida.net\/prtl\/index.php?rest_route=%2Fwp%2Fv2%2Fmedia&parent=902"}],"wp:term":[{"taxonomy":"category","embeddable":true,"href":"https:\/\/agrupamentodealmeida.net\/prtl\/index.php?rest_route=%2Fwp%2Fv2%2Fcategories&post=902"},{"taxonomy":"post_tag","embeddable":true,"href":"https:\/\/agrupamentodealmeida.net\/prtl\/index.php?rest_route=%2Fwp%2Fv2%2Ftags&post=902"}],"curies":[{"name":"wp","href":"https:\/\/api.w.org\/{rel}","templated":true}]}}