{"id":883,"date":"2023-09-01T16:16:50","date_gmt":"2023-09-01T15:16:50","guid":{"rendered":"https:\/\/agrupamentodealmeida.net\/prtl\/?p=883"},"modified":"2023-10-04T14:53:27","modified_gmt":"2023-10-04T13:53:27","slug":"inicio-do-ano-letivo-2023-2024","status":"publish","type":"post","link":"https:\/\/agrupamentodealmeida.net\/prtl\/?p=883","title":{"rendered":"In\u00edcio do ano letivo 2023\/2024"},"content":{"rendered":"<div class=\"wp-block-image\">\n<figure class=\"aligncenter size-full\"><img loading=\"lazy\" decoding=\"async\" width=\"605\" height=\"363\" src=\"https:\/\/agrupamentodealmeida.net\/prtl\/wp-content\/uploads\/2023\/09\/thumbnail_inicio-do-ano.jpg\" alt=\"\" class=\"wp-image-895\" srcset=\"https:\/\/agrupamentodealmeida.net\/prtl\/wp-content\/uploads\/2023\/09\/thumbnail_inicio-do-ano.jpg 605w, https:\/\/agrupamentodealmeida.net\/prtl\/wp-content\/uploads\/2023\/09\/thumbnail_inicio-do-ano-300x180.jpg 300w\" sizes=\"(max-width: 605px) 100vw, 605px\" \/><\/figure><\/div>\n\n\n<p>As atividades do ano letivo 2023\/2024 ter\u00e3o in\u00edcio no dia 15 de setembro, no per\u00edodo da manh\u00e3, das 9 horas \u00e0s 12 horas.<\/p>\n\n\n\n<p>Cada diretor de turma e respetivo secret\u00e1rio nos 2\u00ba e 3\u00ba Ciclos e Ensino Secund\u00e1rio, o professor titular do 1\u00baCiclo e a educadora do Pr\u00e9-escolar&nbsp; recebem os alunos e respetivos encarregados de educa\u00e7\u00e3o\/pais, na sala destinada ao ano\/grupo de matr\u00edcula.<\/p>\n\n\n\n<p>Neste dia, o servi\u00e7o de cantina funcionar\u00e1 apenas para os alunos do pr\u00e9-escolar&nbsp;inscritos na AAAF.<\/p>\n\n\n\n<p><strong>Os alunos que se deslocam t\u00eam o transporte de regresso \u00e0s 12 horas.<\/strong><strong><\/strong><\/p>\n\n\n\n<p>Na segunda-feira, dia 18 de setembro, as atividades decorrer\u00e3o segundo o hor\u00e1rio escolar normal.<\/p>\n\n\n\n<figure class=\"wp-block-table aligncenter\"><table><tbody><tr><td class=\"has-text-align-center\" data-align=\"center\" colspan=\"3\"><strong>Per\u00edodos letivos 2023\/2024<\/strong><\/td><\/tr><tr><td class=\"has-text-align-center\" data-align=\"center\"><strong>Per\u00edodos letivos<\/strong><\/td><td class=\"has-text-align-center\" data-align=\"center\"><strong>In\u00edcio<\/strong><\/td><td class=\"has-text-align-center\" data-align=\"center\"><strong>Fim<\/strong><\/td><\/tr><tr><td class=\"has-text-align-center\" data-align=\"center\">1.\u00ba<\/td><td class=\"has-text-align-center\" data-align=\"center\">&nbsp;15 de setembro de 2023<\/td><td class=\"has-text-align-center\" data-align=\"center\">15 de dezembro de 2023<\/td><\/tr><tr><td class=\"has-text-align-center\" data-align=\"center\">2.\u00ba<\/td><td class=\"has-text-align-center\" data-align=\"center\">3 de janeiro de 2024<\/td><td class=\"has-text-align-center\" data-align=\"center\">22 de mar\u00e7o de 2024<\/td><\/tr><tr><td class=\"has-text-align-center\" data-align=\"center\">3.\u00ba<\/td><td class=\"has-text-align-center\" data-align=\"center\">8 de abril de 2024<\/td><td class=\"has-text-align-center\" data-align=\"center\">4 de junho de 2024 \u2013 9.\u00ba ano, 11.\u00ba e 12.\u00ba anos de escolaridade<br>14 de junho de 2024 \u2013 5.\u00ba, 6.\u00ba, 7.\u00ba, 8.\u00ba e 10.\u00ba anos de escolaridade.<br>28 de junho de 2024 \u2013 Educa\u00e7\u00e3o pr\u00e9-escolar e 1.\u00ba ciclo do ensino b\u00e1sico<\/td><\/tr><\/tbody><\/table><\/figure>\n","protected":false},"excerpt":{"rendered":"<p>As atividades do ano letivo 2023\/2024 ter\u00e3o in\u00edcio no dia 15 de setembro, no per\u00edodo da manh\u00e3, das 9 horas \u00e0s 12 horas. Cada diretor de turma e respetivo secret\u00e1rio nos 2\u00ba e 3\u00ba Ciclos e Ensino Secund\u00e1rio, o professor<\/p>\n","protected":false},"author":3,"featured_media":0,"comment_status":"closed","ping_status":"closed","sticky":false,"template":"","format":"standard","meta":{"footnotes":""},"categories":[14],"tags":[],"_links":{"self":[{"href":"https:\/\/agrupamentodealmeida.net\/prtl\/index.php?rest_route=\/wp\/v2\/posts\/883"}],"collection":[{"href":"https:\/\/agrupamentodealmeida.net\/prtl\/index.php?rest_route=\/wp\/v2\/posts"}],"about":[{"href":"https:\/\/agrupamentodealmeida.net\/prtl\/index.php?rest_route=\/wp\/v2\/types\/post"}],"author":[{"embeddable":true,"href":"https:\/\/agrupamentodealmeida.net\/prtl\/index.php?rest_route=\/wp\/v2\/users\/3"}],"replies":[{"embeddable":true,"href":"https:\/\/agrupamentodealmeida.net\/prtl\/index.php?rest_route=%2Fwp%2Fv2%2Fcomments&post=883"}],"version-history":[{"count":5,"href":"https:\/\/agrupamentodealmeida.net\/prtl\/index.php?rest_route=\/wp\/v2\/posts\/883\/revisions"}],"predecessor-version":[{"id":937,"href":"https:\/\/agrupamentodealmeida.net\/prtl\/index.php?rest_route=\/wp\/v2\/posts\/883\/revisions\/937"}],"wp:attachment":[{"href":"https:\/\/agrupamentodealmeida.net\/prtl\/index.php?rest_route=%2Fwp%2Fv2%2Fmedia&parent=883"}],"wp:term":[{"taxonomy":"category","embeddable":true,"href":"https:\/\/agrupamentodealmeida.net\/prtl\/index.php?rest_route=%2Fwp%2Fv2%2Fcategories&post=883"},{"taxonomy":"post_tag","embeddable":true,"href":"https:\/\/agrupamentodealmeida.net\/prtl\/index.php?rest_route=%2Fwp%2Fv2%2Ftags&post=883"}],"curies":[{"name":"wp","href":"https:\/\/api.w.org\/{rel}","templated":true}]}}