{"id":879,"date":"2023-08-21T10:57:35","date_gmt":"2023-08-21T09:57:35","guid":{"rendered":"https:\/\/agrupamentodealmeida.net\/prtl\/?p=879"},"modified":"2023-08-21T10:57:36","modified_gmt":"2023-08-21T09:57:36","slug":"contratacao-de-escola-2023-24_horario1","status":"publish","type":"post","link":"https:\/\/agrupamentodealmeida.net\/prtl\/?p=879","title":{"rendered":"Contrata\u00e7\u00e3o de Escola 2023\u201324_Hor\u00e1rio1"},"content":{"rendered":"\n<p>Informam-se os interessados que est\u00e1 aberto o concurso de Contrata\u00e7\u00e3o de Escola para contra\u00e7\u00e3o de T\u00e9cnico especializado para desempenhar as fun\u00e7\u00f5es de<br>Psic\u00f3logo.<\/p>\n\n\n<a href=\"https:\/\/agrupamentodealmeida.net\/prtl\/wp-content\/uploads\/2023\/08\/contratacao-de-escola-psicologo-PDPSC.pdf\" class=\"pdfemb-viewer\" style=\"\" data-width=\"max\" data-height=\"max\"  data-toolbar=\"bottom\" data-toolbar-fixed=\"off\">contratacao-de-escola-psicologo-PDPSC<br\/><\/a>\n<p class=\"wp-block-pdfemb-pdf-embedder-viewer\"><\/p>\n","protected":false},"excerpt":{"rendered":"<p>Informam-se os interessados que est\u00e1 aberto o concurso de Contrata\u00e7\u00e3o de Escola para contra\u00e7\u00e3o de T\u00e9cnico especializado para desempenhar as fun\u00e7\u00f5es dePsic\u00f3logo.<\/p>\n","protected":false},"author":3,"featured_media":0,"comment_status":"closed","ping_status":"closed","sticky":false,"template":"","format":"standard","meta":{"footnotes":""},"categories":[14],"tags":[],"_links":{"self":[{"href":"https:\/\/agrupamentodealmeida.net\/prtl\/index.php?rest_route=\/wp\/v2\/posts\/879"}],"collection":[{"href":"https:\/\/agrupamentodealmeida.net\/prtl\/index.php?rest_route=\/wp\/v2\/posts"}],"about":[{"href":"https:\/\/agrupamentodealmeida.net\/prtl\/index.php?rest_route=\/wp\/v2\/types\/post"}],"author":[{"embeddable":true,"href":"https:\/\/agrupamentodealmeida.net\/prtl\/index.php?rest_route=\/wp\/v2\/users\/3"}],"replies":[{"embeddable":true,"href":"https:\/\/agrupamentodealmeida.net\/prtl\/index.php?rest_route=%2Fwp%2Fv2%2Fcomments&post=879"}],"version-history":[{"count":1,"href":"https:\/\/agrupamentodealmeida.net\/prtl\/index.php?rest_route=\/wp\/v2\/posts\/879\/revisions"}],"predecessor-version":[{"id":881,"href":"https:\/\/agrupamentodealmeida.net\/prtl\/index.php?rest_route=\/wp\/v2\/posts\/879\/revisions\/881"}],"wp:attachment":[{"href":"https:\/\/agrupamentodealmeida.net\/prtl\/index.php?rest_route=%2Fwp%2Fv2%2Fmedia&parent=879"}],"wp:term":[{"taxonomy":"category","embeddable":true,"href":"https:\/\/agrupamentodealmeida.net\/prtl\/index.php?rest_route=%2Fwp%2Fv2%2Fcategories&post=879"},{"taxonomy":"post_tag","embeddable":true,"href":"https:\/\/agrupamentodealmeida.net\/prtl\/index.php?rest_route=%2Fwp%2Fv2%2Ftags&post=879"}],"curies":[{"name":"wp","href":"https:\/\/api.w.org\/{rel}","templated":true}]}}