{"id":871,"date":"2023-08-11T14:47:54","date_gmt":"2023-08-11T13:47:54","guid":{"rendered":"https:\/\/agrupamentodealmeida.net\/prtl\/?p=871"},"modified":"2023-08-11T14:49:28","modified_gmt":"2023-08-11T13:49:28","slug":"plano-de-inovacao-2023-2026","status":"publish","type":"post","link":"https:\/\/agrupamentodealmeida.net\/prtl\/?p=871","title":{"rendered":"Plano de Inova\u00e7\u00e3o 2023\/2026"},"content":{"rendered":"\n<figure class=\"wp-block-image size-large\"><img loading=\"lazy\" decoding=\"async\" width=\"724\" height=\"1024\" src=\"https:\/\/agrupamentodealmeida.net\/prtl\/wp-content\/uploads\/2023\/08\/358146310_102119186282506_5368141584839978955_n-724x1024.jpg\" alt=\"\" class=\"wp-image-874\" srcset=\"https:\/\/agrupamentodealmeida.net\/prtl\/wp-content\/uploads\/2023\/08\/358146310_102119186282506_5368141584839978955_n-724x1024.jpg 724w, https:\/\/agrupamentodealmeida.net\/prtl\/wp-content\/uploads\/2023\/08\/358146310_102119186282506_5368141584839978955_n-212x300.jpg 212w, https:\/\/agrupamentodealmeida.net\/prtl\/wp-content\/uploads\/2023\/08\/358146310_102119186282506_5368141584839978955_n-768x1086.jpg 768w, https:\/\/agrupamentodealmeida.net\/prtl\/wp-content\/uploads\/2023\/08\/358146310_102119186282506_5368141584839978955_n-1086x1536.jpg 1086w, https:\/\/agrupamentodealmeida.net\/prtl\/wp-content\/uploads\/2023\/08\/358146310_102119186282506_5368141584839978955_n.jpg 1448w\" sizes=\"(max-width: 724px) 100vw, 724px\" \/><\/figure>\n\n\n\n<p>-Foi aprovado, no dia 10\/08\/2023,&nbsp;o Plano de Inova\u00e7\u00e3o do Agrupamento Escolas de Almeida por Sua Excel\u00eancia o Ministro da Educa\u00e7\u00e3o, Dr\u00ba Jo\u00e3o Costa.<\/p>\n\n\n\n<div class=\"wp-block-group is-layout-constrained wp-block-group-is-layout-constrained\"><div class=\"wp-block-group__inner-container\">\n<div class=\"wp-block-columns is-layout-flex wp-container-core-columns-layout-1 wp-block-columns-is-layout-flex\">\n<div class=\"wp-block-column is-layout-flow wp-block-column-is-layout-flow\" style=\"flex-basis:100%\">\n<div class=\"wp-block-group is-vertical is-layout-flex wp-container-core-group-layout-1 wp-block-group-is-layout-flex\"><a href=\"https:\/\/agrupamentodealmeida.net\/prtl\/wp-content\/uploads\/2023\/08\/Plano-de-Inovacao-do-AE-de-Almeida.pdf\" class=\"pdfemb-viewer\" style=\"\" data-width=\"max\" data-height=\"max\"  data-toolbar=\"bottom\" data-toolbar-fixed=\"off\">Plano-de-Inovacao-do-AE-de-Almeida<br\/><\/a>\n<p class=\"wp-block-pdfemb-pdf-embedder-viewer\"><\/p>\n<\/div>\n<\/div>\n<\/div>\n<\/div><\/div>\n","protected":false},"excerpt":{"rendered":"<p>-Foi aprovado, no dia 10\/08\/2023,&nbsp;o Plano de Inova\u00e7\u00e3o do Agrupamento Escolas de Almeida por Sua Excel\u00eancia o Ministro da Educa\u00e7\u00e3o, Dr\u00ba Jo\u00e3o Costa.<\/p>\n","protected":false},"author":3,"featured_media":0,"comment_status":"closed","ping_status":"closed","sticky":false,"template":"","format":"standard","meta":{"footnotes":""},"categories":[14],"tags":[],"_links":{"self":[{"href":"https:\/\/agrupamentodealmeida.net\/prtl\/index.php?rest_route=\/wp\/v2\/posts\/871"}],"collection":[{"href":"https:\/\/agrupamentodealmeida.net\/prtl\/index.php?rest_route=\/wp\/v2\/posts"}],"about":[{"href":"https:\/\/agrupamentodealmeida.net\/prtl\/index.php?rest_route=\/wp\/v2\/types\/post"}],"author":[{"embeddable":true,"href":"https:\/\/agrupamentodealmeida.net\/prtl\/index.php?rest_route=\/wp\/v2\/users\/3"}],"replies":[{"embeddable":true,"href":"https:\/\/agrupamentodealmeida.net\/prtl\/index.php?rest_route=%2Fwp%2Fv2%2Fcomments&post=871"}],"version-history":[{"count":2,"href":"https:\/\/agrupamentodealmeida.net\/prtl\/index.php?rest_route=\/wp\/v2\/posts\/871\/revisions"}],"predecessor-version":[{"id":877,"href":"https:\/\/agrupamentodealmeida.net\/prtl\/index.php?rest_route=\/wp\/v2\/posts\/871\/revisions\/877"}],"wp:attachment":[{"href":"https:\/\/agrupamentodealmeida.net\/prtl\/index.php?rest_route=%2Fwp%2Fv2%2Fmedia&parent=871"}],"wp:term":[{"taxonomy":"category","embeddable":true,"href":"https:\/\/agrupamentodealmeida.net\/prtl\/index.php?rest_route=%2Fwp%2Fv2%2Fcategories&post=871"},{"taxonomy":"post_tag","embeddable":true,"href":"https:\/\/agrupamentodealmeida.net\/prtl\/index.php?rest_route=%2Fwp%2Fv2%2Ftags&post=871"}],"curies":[{"name":"wp","href":"https:\/\/api.w.org\/{rel}","templated":true}]}}