{"id":2125,"date":"2026-03-05T16:00:19","date_gmt":"2026-03-05T15:00:19","guid":{"rendered":"https:\/\/agrupamentodealmeida.net\/prtl\/?p=2125"},"modified":"2026-03-05T17:18:02","modified_gmt":"2026-03-05T16:18:02","slug":"inscricoes-para-exames-nacionais-2026","status":"publish","type":"post","link":"https:\/\/agrupamentodealmeida.net\/prtl\/?p=2125","title":{"rendered":"Inscri\u00e7\u00f5es para Exames Nacionais  2026"},"content":{"rendered":"\n<p>Prazos de Inscri\u00e7\u00e3o<\/p>\n\n\n\n<p>As inscri\u00e7\u00f5es para provas e exames do ensino secund\u00e1rio decorrem nos seguintes prazos:<\/p>\n\n\n\n<p>1\u00aa Fase: 6 a 19 de mar\u00e7o de 2026<\/p>\n\n\n\n<p>2\u00aa Fase: 14 e 15 de julho de 2026<\/p>\n\n\n\n<p>As inscri\u00e7\u00f5es devem ser realizadas obrigatoriamente atrav\u00e9s da plataforma PIEPE com seguinte endere\u00e7o:<\/p>\n\n\n\n<p><a href=\"https:\/\/jnepiepe.dge.mec.pt\/\">https:\/\/jnepiepe.dge.mec.pt\/<\/a><\/p>\n\n\n\n<p>Despacho Normativo n\u00ba3\/2026, de 23 de fevereiro que aprova o regulamento das provas de avalia\u00e7\u00e3o externa e das provas de equival\u00eancia \u00e8 frequ\u00eancia dos ensinos b\u00e1sico e secund\u00e1rio para o ano letivo 2025-2026:<\/p>\n\n\n\n<p><a href=\"https:\/\/diariodarepublica.pt\/dr\/detalhe\/despacho-normativo\/3-2026-1055938294\">Despacho Normativo n.\u00ba 3\/2026, de 23 de fevereiro | DR<\/a><\/p>\n\n\n<a href=\"https:\/\/agrupamentodealmeida.net\/prtl\/wp-content\/uploads\/2026\/03\/Norma-1_2026.pdf\" class=\"pdfemb-viewer\" style=\"\" data-width=\"max\" data-height=\"max\"  data-toolbar=\"bottom\" data-toolbar-fixed=\"off\">Norma-1_2026<br\/><\/a>\n<p class=\"wp-block-pdfemb-pdf-embedder-viewer\"><\/p>\n","protected":false},"excerpt":{"rendered":"<p>Prazos de Inscri\u00e7\u00e3o As inscri\u00e7\u00f5es para provas e exames do ensino secund\u00e1rio decorrem nos seguintes prazos: 1\u00aa Fase: 6 a 19 de mar\u00e7o de 2026 2\u00aa Fase: 14 e 15 de julho de 2026 As inscri\u00e7\u00f5es devem ser realizadas obrigatoriamente<\/p>\n","protected":false},"author":3,"featured_media":0,"comment_status":"closed","ping_status":"closed","sticky":false,"template":"","format":"standard","meta":{"footnotes":""},"categories":[14],"tags":[],"_links":{"self":[{"href":"https:\/\/agrupamentodealmeida.net\/prtl\/index.php?rest_route=\/wp\/v2\/posts\/2125"}],"collection":[{"href":"https:\/\/agrupamentodealmeida.net\/prtl\/index.php?rest_route=\/wp\/v2\/posts"}],"about":[{"href":"https:\/\/agrupamentodealmeida.net\/prtl\/index.php?rest_route=\/wp\/v2\/types\/post"}],"author":[{"embeddable":true,"href":"https:\/\/agrupamentodealmeida.net\/prtl\/index.php?rest_route=\/wp\/v2\/users\/3"}],"replies":[{"embeddable":true,"href":"https:\/\/agrupamentodealmeida.net\/prtl\/index.php?rest_route=%2Fwp%2Fv2%2Fcomments&post=2125"}],"version-history":[{"count":2,"href":"https:\/\/agrupamentodealmeida.net\/prtl\/index.php?rest_route=\/wp\/v2\/posts\/2125\/revisions"}],"predecessor-version":[{"id":2129,"href":"https:\/\/agrupamentodealmeida.net\/prtl\/index.php?rest_route=\/wp\/v2\/posts\/2125\/revisions\/2129"}],"wp:attachment":[{"href":"https:\/\/agrupamentodealmeida.net\/prtl\/index.php?rest_route=%2Fwp%2Fv2%2Fmedia&parent=2125"}],"wp:term":[{"taxonomy":"category","embeddable":true,"href":"https:\/\/agrupamentodealmeida.net\/prtl\/index.php?rest_route=%2Fwp%2Fv2%2Fcategories&post=2125"},{"taxonomy":"post_tag","embeddable":true,"href":"https:\/\/agrupamentodealmeida.net\/prtl\/index.php?rest_route=%2Fwp%2Fv2%2Ftags&post=2125"}],"curies":[{"name":"wp","href":"https:\/\/api.w.org\/{rel}","templated":true}]}}