{"id":2113,"date":"2026-01-28T08:53:50","date_gmt":"2026-01-28T07:53:50","guid":{"rendered":"https:\/\/agrupamentodealmeida.net\/prtl\/?p=2113"},"modified":"2026-01-28T08:55:25","modified_gmt":"2026-01-28T07:55:25","slug":"alerta-neve","status":"publish","type":"post","link":"https:\/\/agrupamentodealmeida.net\/prtl\/?p=2113","title":{"rendered":"Alerta -NEVE"},"content":{"rendered":"\n<p>Atendendo \u00e0 queda e acumula\u00e7\u00e3o de neve e ao facto de o Munic\u00edpio de Almeida ter j\u00e1 cancelado os transportes, hoje dia 28 de janeiro, n\u00e3o haver\u00e1 aulas.<\/p>\n","protected":false},"excerpt":{"rendered":"<p>Atendendo \u00e0 queda e acumula\u00e7\u00e3o de neve e ao facto de o Munic\u00edpio de Almeida ter j\u00e1 cancelado os transportes, hoje dia 28 de janeiro, n\u00e3o haver\u00e1 aulas.<\/p>\n","protected":false},"author":3,"featured_media":0,"comment_status":"closed","ping_status":"closed","sticky":false,"template":"","format":"standard","meta":{"footnotes":""},"categories":[14],"tags":[],"_links":{"self":[{"href":"https:\/\/agrupamentodealmeida.net\/prtl\/index.php?rest_route=\/wp\/v2\/posts\/2113"}],"collection":[{"href":"https:\/\/agrupamentodealmeida.net\/prtl\/index.php?rest_route=\/wp\/v2\/posts"}],"about":[{"href":"https:\/\/agrupamentodealmeida.net\/prtl\/index.php?rest_route=\/wp\/v2\/types\/post"}],"author":[{"embeddable":true,"href":"https:\/\/agrupamentodealmeida.net\/prtl\/index.php?rest_route=\/wp\/v2\/users\/3"}],"replies":[{"embeddable":true,"href":"https:\/\/agrupamentodealmeida.net\/prtl\/index.php?rest_route=%2Fwp%2Fv2%2Fcomments&post=2113"}],"version-history":[{"count":2,"href":"https:\/\/agrupamentodealmeida.net\/prtl\/index.php?rest_route=\/wp\/v2\/posts\/2113\/revisions"}],"predecessor-version":[{"id":2115,"href":"https:\/\/agrupamentodealmeida.net\/prtl\/index.php?rest_route=\/wp\/v2\/posts\/2113\/revisions\/2115"}],"wp:attachment":[{"href":"https:\/\/agrupamentodealmeida.net\/prtl\/index.php?rest_route=%2Fwp%2Fv2%2Fmedia&parent=2113"}],"wp:term":[{"taxonomy":"category","embeddable":true,"href":"https:\/\/agrupamentodealmeida.net\/prtl\/index.php?rest_route=%2Fwp%2Fv2%2Fcategories&post=2113"},{"taxonomy":"post_tag","embeddable":true,"href":"https:\/\/agrupamentodealmeida.net\/prtl\/index.php?rest_route=%2Fwp%2Fv2%2Ftags&post=2113"}],"curies":[{"name":"wp","href":"https:\/\/api.w.org\/{rel}","templated":true}]}}