{"id":2111,"date":"2026-01-22T22:44:15","date_gmt":"2026-01-22T21:44:15","guid":{"rendered":"https:\/\/agrupamentodealmeida.net\/prtl\/?p=2111"},"modified":"2026-01-22T22:44:16","modified_gmt":"2026-01-22T21:44:16","slug":"aviso-a-comunidade-educativa","status":"publish","type":"post","link":"https:\/\/agrupamentodealmeida.net\/prtl\/?p=2111","title":{"rendered":"Aviso \u00e0 comunidade educativa"},"content":{"rendered":"\n<p>Devido \u00e0s condi\u00e7\u00f5es meteorol\u00f3gicas adversas associadas \u00e0 Depress\u00e3o Ingrid, nomeadamente \u00e0 possibilidade de queda de neve e a constrangimentos na circula\u00e7\u00e3o rodovi\u00e1ria amanh\u00e3 23 de janeiro as Escolas do Agrupamento de Escolas de Almeida est\u00e3o encerradas.<\/p>\n","protected":false},"excerpt":{"rendered":"<p>Devido \u00e0s condi\u00e7\u00f5es meteorol\u00f3gicas adversas associadas \u00e0 Depress\u00e3o Ingrid, nomeadamente \u00e0 possibilidade de queda de neve e a constrangimentos na circula\u00e7\u00e3o rodovi\u00e1ria amanh\u00e3 23 de janeiro as Escolas do Agrupamento de Escolas de Almeida est\u00e3o encerradas.<\/p>\n","protected":false},"author":3,"featured_media":0,"comment_status":"closed","ping_status":"closed","sticky":false,"template":"","format":"standard","meta":{"footnotes":""},"categories":[14],"tags":[],"_links":{"self":[{"href":"https:\/\/agrupamentodealmeida.net\/prtl\/index.php?rest_route=\/wp\/v2\/posts\/2111"}],"collection":[{"href":"https:\/\/agrupamentodealmeida.net\/prtl\/index.php?rest_route=\/wp\/v2\/posts"}],"about":[{"href":"https:\/\/agrupamentodealmeida.net\/prtl\/index.php?rest_route=\/wp\/v2\/types\/post"}],"author":[{"embeddable":true,"href":"https:\/\/agrupamentodealmeida.net\/prtl\/index.php?rest_route=\/wp\/v2\/users\/3"}],"replies":[{"embeddable":true,"href":"https:\/\/agrupamentodealmeida.net\/prtl\/index.php?rest_route=%2Fwp%2Fv2%2Fcomments&post=2111"}],"version-history":[{"count":1,"href":"https:\/\/agrupamentodealmeida.net\/prtl\/index.php?rest_route=\/wp\/v2\/posts\/2111\/revisions"}],"predecessor-version":[{"id":2112,"href":"https:\/\/agrupamentodealmeida.net\/prtl\/index.php?rest_route=\/wp\/v2\/posts\/2111\/revisions\/2112"}],"wp:attachment":[{"href":"https:\/\/agrupamentodealmeida.net\/prtl\/index.php?rest_route=%2Fwp%2Fv2%2Fmedia&parent=2111"}],"wp:term":[{"taxonomy":"category","embeddable":true,"href":"https:\/\/agrupamentodealmeida.net\/prtl\/index.php?rest_route=%2Fwp%2Fv2%2Fcategories&post=2111"},{"taxonomy":"post_tag","embeddable":true,"href":"https:\/\/agrupamentodealmeida.net\/prtl\/index.php?rest_route=%2Fwp%2Fv2%2Ftags&post=2111"}],"curies":[{"name":"wp","href":"https:\/\/api.w.org\/{rel}","templated":true}]}}