{"id":2108,"date":"2026-01-15T18:10:24","date_gmt":"2026-01-15T17:10:24","guid":{"rendered":"https:\/\/agrupamentodealmeida.net\/prtl\/?p=2108"},"modified":"2026-01-15T18:10:25","modified_gmt":"2026-01-15T17:10:25","slug":"preparar-o-digitl","status":"publish","type":"post","link":"https:\/\/agrupamentodealmeida.net\/prtl\/?p=2108","title":{"rendered":"Preparar o Digit@l"},"content":{"rendered":"\n<p>Provas Ensaio 2026<\/p>\n\n\n\n<h2 class=\"wp-block-heading\">1. Contexto e Objetivos<\/h2>\n\n\n\n<p>O sistema educativo consolidou o modelo de avalia\u00e7\u00e3o digital (provas ModA e PFEB) iniciado em 2024\/2025. As <strong>provas-ensaio<\/strong> (n\u00e3o classificadas como avalia\u00e7\u00e3o externa oficial) servem para:<\/p>\n\n\n\n<ul>\n<li><strong>Ambienta\u00e7\u00e3o:<\/strong> Familiarizar alunos e escolas com a plataforma <strong>EduQA<\/strong>.<\/li>\n\n\n\n<li><strong>Log\u00edstica:<\/strong> Testar equipamentos, redes e a capacidade organizativa das escolas.<\/li>\n\n\n\n<li><strong>Diagn\u00f3stico:<\/strong> Identificar e resolver falhas t\u00e9cnicas antes das provas finais.<\/li>\n<\/ul>\n\n\n\n<h2 class=\"wp-block-heading\">2. Caracter\u00edsticas das Provas-Ensaio<\/h2>\n\n\n\n<ul>\n<li><strong>P\u00fablico-alvo:<\/strong> Alunos dos 4.\u00ba, 6.\u00ba e 9.\u00ba anos.<\/li>\n\n\n\n<li><strong>Dura\u00e7\u00e3o e Formato:<\/strong> 45 minutos, com itens de sele\u00e7\u00e3o (autom\u00e1ticos) e um item de constru\u00e7\u00e3o (classificado pelo professor).<\/li>\n\n\n\n<li><strong>Obrigatoriedade:<\/strong> S\u00e3o obrigat\u00f3rias, embora os resultados possam ser usados apenas para avalia\u00e7\u00e3o interna, se a escola desejar.<\/li>\n<\/ul>\n\n\n\n<h2 class=\"wp-block-heading\">3. Calend\u00e1rio e Realiza\u00e7\u00e3o (2026)<\/h2>\n\n\n\n<p>As provas realizam-se entre <strong>23 de fevereiro e 5 de mar\u00e7o de 2026<\/strong>.<\/p>\n\n\n\n<ul>\n<li><strong>4.\u00ba e 6.\u00ba anos:<\/strong> Hor\u00e1rio flex\u00edvel (8h-19h).<\/li>\n\n\n\n<li><strong>9.\u00ba ano:<\/strong> Hor\u00e1rio fixo \u00e0s 10h.<\/li>\n<\/ul>\n\n\n\n<figure class=\"wp-block-table\"><table><thead><tr><td><strong>Data<\/strong><\/td><td><strong>Disciplina<\/strong><\/td><td><strong>Ano<\/strong><\/td><\/tr><\/thead><tbody><tr><td><strong>23\/02<\/strong><\/td><td>Ingl\u00eas<\/td><td>6.\u00ba<\/td><\/tr><tr><td><strong>24\/02<\/strong><\/td><td>Portugu\u00eas \/ PLNM \/ PL2<\/td><td>4.\u00ba<\/td><\/tr><tr><td><strong>25\/02<\/strong><\/td><td>Portugu\u00eas \/ PLNM \/ PL2<\/td><td>6.\u00ba<\/td><\/tr><tr><td><strong>26\/02<\/strong><\/td><td>Matem\u00e1tica<\/td><td>4.\u00ba<\/td><\/tr><tr><td><strong>27\/02<\/strong><\/td><td>Matem\u00e1tica<\/td><td>6.\u00ba<\/td><\/tr><tr><td><strong>03\/03<\/strong><\/td><td>Portugu\u00eas \/ PLNM \/ PL2<\/td><td>9.\u00ba<\/td><\/tr><tr><td><strong>05\/03<\/strong><\/td><td>Matem\u00e1tica<\/td><td>9.\u00ba<\/td><\/tr><\/tbody><\/table><\/figure>\n\n\n\n<h2 class=\"wp-block-heading\">4. Classifica\u00e7\u00e3o e Resultados<\/h2>\n\n\n\n<ul>\n<li><strong>M\u00e9todo:<\/strong> Itens de sele\u00e7\u00e3o s\u00e3o autom\u00e1ticos; itens de constru\u00e7\u00e3o s\u00e3o corrigidos pelos <strong>pr\u00f3prios professores<\/strong> na plataforma EduQA.<\/li>\n\n\n\n<li><strong>Disponibiliza\u00e7\u00e3o:<\/strong> Resultados at\u00e9 <strong>24 de mar\u00e7o<\/strong>.<\/li>\n<\/ul>\n\n\n\n<h2 class=\"wp-block-heading\">5. Prepara\u00e7\u00e3o Adicional<\/h2>\n\n\n\n<p>O IAVE disponibiliza provas de anos anteriores no seu site oficial (<a href=\"https:\/\/iave.pt\/\" target=\"_blank\" rel=\"noreferrer noopener\">https:\/\/iave.pt\/<\/a>) para que as escolas possam refor\u00e7ar o treino digital dos alunos antes do per\u00edodo de ensaio.<\/p>\n","protected":false},"excerpt":{"rendered":"<p>Provas Ensaio 2026 1. Contexto e Objetivos O sistema educativo consolidou o modelo de avalia\u00e7\u00e3o digital (provas ModA e PFEB) iniciado em 2024\/2025. As provas-ensaio (n\u00e3o classificadas como avalia\u00e7\u00e3o externa oficial) servem para: 2. Caracter\u00edsticas das Provas-Ensaio 3. Calend\u00e1rio e<\/p>\n","protected":false},"author":3,"featured_media":0,"comment_status":"closed","ping_status":"closed","sticky":false,"template":"","format":"standard","meta":{"footnotes":""},"categories":[14],"tags":[],"_links":{"self":[{"href":"https:\/\/agrupamentodealmeida.net\/prtl\/index.php?rest_route=\/wp\/v2\/posts\/2108"}],"collection":[{"href":"https:\/\/agrupamentodealmeida.net\/prtl\/index.php?rest_route=\/wp\/v2\/posts"}],"about":[{"href":"https:\/\/agrupamentodealmeida.net\/prtl\/index.php?rest_route=\/wp\/v2\/types\/post"}],"author":[{"embeddable":true,"href":"https:\/\/agrupamentodealmeida.net\/prtl\/index.php?rest_route=\/wp\/v2\/users\/3"}],"replies":[{"embeddable":true,"href":"https:\/\/agrupamentodealmeida.net\/prtl\/index.php?rest_route=%2Fwp%2Fv2%2Fcomments&post=2108"}],"version-history":[{"count":1,"href":"https:\/\/agrupamentodealmeida.net\/prtl\/index.php?rest_route=\/wp\/v2\/posts\/2108\/revisions"}],"predecessor-version":[{"id":2109,"href":"https:\/\/agrupamentodealmeida.net\/prtl\/index.php?rest_route=\/wp\/v2\/posts\/2108\/revisions\/2109"}],"wp:attachment":[{"href":"https:\/\/agrupamentodealmeida.net\/prtl\/index.php?rest_route=%2Fwp%2Fv2%2Fmedia&parent=2108"}],"wp:term":[{"taxonomy":"category","embeddable":true,"href":"https:\/\/agrupamentodealmeida.net\/prtl\/index.php?rest_route=%2Fwp%2Fv2%2Fcategories&post=2108"},{"taxonomy":"post_tag","embeddable":true,"href":"https:\/\/agrupamentodealmeida.net\/prtl\/index.php?rest_route=%2Fwp%2Fv2%2Ftags&post=2108"}],"curies":[{"name":"wp","href":"https:\/\/api.w.org\/{rel}","templated":true}]}}