{"id":2002,"date":"2025-09-19T09:51:09","date_gmt":"2025-09-19T08:51:09","guid":{"rendered":"https:\/\/agrupamentodealmeida.net\/prtl\/?p=2002"},"modified":"2025-09-19T09:51:10","modified_gmt":"2025-09-19T08:51:10","slug":"informacao-aos-encarregados-de-educacao-dos-alunos-do-1ociclo-aecs-e-cafs","status":"publish","type":"post","link":"https:\/\/agrupamentodealmeida.net\/prtl\/?p=2002","title":{"rendered":"Informa\u00e7\u00e3o aos Encarregados de Educa\u00e7\u00e3o dos alunos do 1\u00baCiclo &#8211; AECs e CAFs"},"content":{"rendered":"\n<p>Comunica-se aos encarregados de educa\u00e7\u00e3o a informa\u00e7\u00e3o que nos chegou do Munic\u00edpio: <\/p>\n\n\n\n<div class=\"wp-block-group is-vertical is-layout-flex wp-container-core-group-layout-1 wp-block-group-is-layout-flex\">\n<p>&#8220;<em>Informam-se os Encarregados de Educa\u00e7\u00e3o que no pr\u00f3ximo dia 22 de setembro ter\u00e3o in\u00edcio as atividades da Componente de Apoio \u00e0 Fam\u00edlia &#8211; CAF e\u00a0as Atividades de Enriquecimento Curricular &#8211; AEC (com exce\u00e7\u00e3o da AEC de Ingl\u00eas)<\/em>.\u00a0<\/p>\n\n\n\n<p><em>Contudo, os alunos que se mantiverem nos hor\u00e1rios a descoberto ser\u00e3o divididos pelas turmas em funcionamento&#8221;<\/em><\/p>\n<\/div>\n","protected":false},"excerpt":{"rendered":"<p>Comunica-se aos encarregados de educa\u00e7\u00e3o a informa\u00e7\u00e3o que nos chegou do Munic\u00edpio: &#8220;Informam-se os Encarregados de Educa\u00e7\u00e3o que no pr\u00f3ximo dia 22 de setembro ter\u00e3o in\u00edcio as atividades da Componente de Apoio \u00e0 Fam\u00edlia &#8211; CAF e\u00a0as Atividades de Enriquecimento<\/p>\n","protected":false},"author":3,"featured_media":0,"comment_status":"closed","ping_status":"closed","sticky":false,"template":"","format":"standard","meta":{"footnotes":""},"categories":[14],"tags":[],"_links":{"self":[{"href":"https:\/\/agrupamentodealmeida.net\/prtl\/index.php?rest_route=\/wp\/v2\/posts\/2002"}],"collection":[{"href":"https:\/\/agrupamentodealmeida.net\/prtl\/index.php?rest_route=\/wp\/v2\/posts"}],"about":[{"href":"https:\/\/agrupamentodealmeida.net\/prtl\/index.php?rest_route=\/wp\/v2\/types\/post"}],"author":[{"embeddable":true,"href":"https:\/\/agrupamentodealmeida.net\/prtl\/index.php?rest_route=\/wp\/v2\/users\/3"}],"replies":[{"embeddable":true,"href":"https:\/\/agrupamentodealmeida.net\/prtl\/index.php?rest_route=%2Fwp%2Fv2%2Fcomments&post=2002"}],"version-history":[{"count":1,"href":"https:\/\/agrupamentodealmeida.net\/prtl\/index.php?rest_route=\/wp\/v2\/posts\/2002\/revisions"}],"predecessor-version":[{"id":2003,"href":"https:\/\/agrupamentodealmeida.net\/prtl\/index.php?rest_route=\/wp\/v2\/posts\/2002\/revisions\/2003"}],"wp:attachment":[{"href":"https:\/\/agrupamentodealmeida.net\/prtl\/index.php?rest_route=%2Fwp%2Fv2%2Fmedia&parent=2002"}],"wp:term":[{"taxonomy":"category","embeddable":true,"href":"https:\/\/agrupamentodealmeida.net\/prtl\/index.php?rest_route=%2Fwp%2Fv2%2Fcategories&post=2002"},{"taxonomy":"post_tag","embeddable":true,"href":"https:\/\/agrupamentodealmeida.net\/prtl\/index.php?rest_route=%2Fwp%2Fv2%2Ftags&post=2002"}],"curies":[{"name":"wp","href":"https:\/\/api.w.org\/{rel}","templated":true}]}}