{"id":1939,"date":"2025-03-28T11:23:08","date_gmt":"2025-03-28T10:23:08","guid":{"rendered":"https:\/\/agrupamentodealmeida.net\/prtl\/?p=1939"},"modified":"2025-03-28T11:23:08","modified_gmt":"2025-03-28T10:23:08","slug":"matriculas-2025_26","status":"publish","type":"post","link":"https:\/\/agrupamentodealmeida.net\/prtl\/?p=1939","title":{"rendered":"Matr\u00edculas 2025_26"},"content":{"rendered":"\n<p>Calend\u00e1rio de Matr\u00edculas<\/p>\n\n\n\n<p>Matr\u00edcula\/ Renova\u00e7\u00e3o<\/p>\n\n\n\n<div class=\"wp-block-group is-vertical is-layout-flex wp-container-core-group-layout-1 wp-block-group-is-layout-flex\">\n<p>1 &#8211; Sem preju\u00edzo do disposto no n\u00famero seguinte, o per\u00edodo normal de matr\u00edcula e sua renova\u00e7\u00e3o \u00e9 fixado:<\/p>\n\n\n\n<p>a) Entre 22 de abril e 31 de maio, para a educa\u00e7\u00e3o pr\u00e9-escolar e para o 1.\u00ba ano do ensino b\u00e1sico;<\/p>\n\n\n\n<p>b) Entre 16 de junho e 27 de junho, para os 6.\u00ba, 7.\u00ba, 8.\u00ba, 9.\u00ba e 11.\u00ba anos de escolaridade;<\/p>\n\n\n\n<p>c) Entre 1 de julho e 11 de julho, para os 2.\u00ba, 3.\u00ba, 4.\u00ba e 5.\u00ba anos do ensino b\u00e1sico;<\/p>\n\n\n\n<p>d) Entre 15 de julho e 22 de julho, para os 10.\u00ba e 12.\u00ba anos do ensino secund\u00e1rio.<\/p>\n\n\n\n<p>Para mais informa\u00e7\u00f5es consultar <a href=\"https:\/\/diariodarepublica.pt\/dr\/detalhe\/despacho\/3640-a-2025-912066254\">https:\/\/diariodarepublica.pt\/dr\/detalhe\/despacho\/3640-a-2025-912066254<\/a><\/p>\n\n\n\n<p>Para efetuar a matr\u00edcula aceda a: <a href=\"https:\/\/www.portaldasmatriculas.edu.gov.pt\/\">https:\/\/www.portaldasmatriculas.edu.gov.pt\/<\/a><\/p>\n\n\n\n<p>A renova\u00e7\u00e3o autom\u00e1tica aplica-se aos 2\u00ba, 3\u00ba, 4\u00ba, 6\u00ba, 8\u00ba, 9\u00ba e 11\u00baanos de escolaridade quando:<\/p>\n\n\n\n<ul>\n<li>N\u00e3o h\u00e1 transfer\u00eancia de escola<\/li>\n\n\n\n<li>N\u00e3o \u00e9 alterado o encarregado de educa\u00e7\u00e3o<\/li>\n\n\n\n<li>N\u00e3o \u00e9 alterado o curso<\/li>\n\n\n\n<li>N\u00e3o h\u00e1 necessidade de escolher disciplinas<\/li>\n<\/ul>\n<\/div>\n","protected":false},"excerpt":{"rendered":"<p>Calend\u00e1rio de Matr\u00edculas Matr\u00edcula\/ Renova\u00e7\u00e3o 1 &#8211; Sem preju\u00edzo do disposto no n\u00famero seguinte, o per\u00edodo normal de matr\u00edcula e sua renova\u00e7\u00e3o \u00e9 fixado: a) Entre 22 de abril e 31 de maio, para a educa\u00e7\u00e3o pr\u00e9-escolar e para o<\/p>\n","protected":false},"author":3,"featured_media":0,"comment_status":"closed","ping_status":"closed","sticky":false,"template":"","format":"standard","meta":{"footnotes":""},"categories":[14],"tags":[],"_links":{"self":[{"href":"https:\/\/agrupamentodealmeida.net\/prtl\/index.php?rest_route=\/wp\/v2\/posts\/1939"}],"collection":[{"href":"https:\/\/agrupamentodealmeida.net\/prtl\/index.php?rest_route=\/wp\/v2\/posts"}],"about":[{"href":"https:\/\/agrupamentodealmeida.net\/prtl\/index.php?rest_route=\/wp\/v2\/types\/post"}],"author":[{"embeddable":true,"href":"https:\/\/agrupamentodealmeida.net\/prtl\/index.php?rest_route=\/wp\/v2\/users\/3"}],"replies":[{"embeddable":true,"href":"https:\/\/agrupamentodealmeida.net\/prtl\/index.php?rest_route=%2Fwp%2Fv2%2Fcomments&post=1939"}],"version-history":[{"count":1,"href":"https:\/\/agrupamentodealmeida.net\/prtl\/index.php?rest_route=\/wp\/v2\/posts\/1939\/revisions"}],"predecessor-version":[{"id":1940,"href":"https:\/\/agrupamentodealmeida.net\/prtl\/index.php?rest_route=\/wp\/v2\/posts\/1939\/revisions\/1940"}],"wp:attachment":[{"href":"https:\/\/agrupamentodealmeida.net\/prtl\/index.php?rest_route=%2Fwp%2Fv2%2Fmedia&parent=1939"}],"wp:term":[{"taxonomy":"category","embeddable":true,"href":"https:\/\/agrupamentodealmeida.net\/prtl\/index.php?rest_route=%2Fwp%2Fv2%2Fcategories&post=1939"},{"taxonomy":"post_tag","embeddable":true,"href":"https:\/\/agrupamentodealmeida.net\/prtl\/index.php?rest_route=%2Fwp%2Fv2%2Ftags&post=1939"}],"curies":[{"name":"wp","href":"https:\/\/api.w.org\/{rel}","templated":true}]}}