{"id":1884,"date":"2025-03-06T12:36:45","date_gmt":"2025-03-06T11:36:45","guid":{"rendered":"https:\/\/agrupamentodealmeida.net\/prtl\/?p=1884"},"modified":"2025-03-06T12:36:46","modified_gmt":"2025-03-06T11:36:46","slug":"inscricao-provas-e-exames-2025","status":"publish","type":"post","link":"https:\/\/agrupamentodealmeida.net\/prtl\/?p=1884","title":{"rendered":"Inscri\u00e7\u00e3o  &#8211; Provas e Exames 2025"},"content":{"rendered":"\n<p>O processo de inscri\u00e7\u00e3o para a realiza\u00e7\u00e3o de provas e exames, no ano letivo 2024\/2025,<br>efetua-se atrav\u00e9s da plataforma PIEPE,  no endere\u00e7o <a href=\"https:\/\/jnepiepe.dge.mec.pt\" target=\"_blank\" rel=\"noreferrer noopener\">https:\/\/jnepiepe.dge.mec.pt<\/a>, tendo<br>o encarregado de educa\u00e7\u00e3o ou o aluno, quando maior, de efetuar, primeiramente, o registo<br>na plataforma.<\/p>\n\n\n\n<p class=\"has-text-align-left\">Prazo de <strong>inscri\u00e7\u00e3o para a 1.\u00aa fase<\/strong><br>6 a 19 de mar\u00e7o<br>Prazo de <strong>inscri\u00e7\u00e3o para a 2.\u00aa fase<\/strong><br>15 a 16 de julho<\/p>\n\n\n\n<p>Para mais informa\u00e7\u00f5es consultar os documentos em anexo:<\/p>\n\n\n<a href=\"https:\/\/agrupamentodealmeida.net\/prtl\/wp-content\/uploads\/2025\/03\/Despacho-Normativo-2-A-2025-Regulamento-das-Provas.9-1.pdf\" class=\"pdfemb-viewer\" style=\"\" data-width=\"max\" data-height=\"max\"  data-toolbar=\"bottom\" data-toolbar-fixed=\"off\">Despacho-Normativo-2-A-2025-Regulamento-das-Provas.9-1<br\/><\/a>\n<p class=\"wp-block-pdfemb-pdf-embedder-viewer\"><\/p>\n\n\n<a href=\"https:\/\/agrupamentodealmeida.net\/prtl\/wp-content\/uploads\/2025\/03\/NORMA-01_2025_3MAR.pdf\" class=\"pdfemb-viewer\" style=\"\" data-width=\"max\" data-height=\"max\"  data-toolbar=\"bottom\" data-toolbar-fixed=\"off\">NORMA-01_2025_3MAR<br\/><\/a>\n<p class=\"wp-block-pdfemb-pdf-embedder-viewer\"><\/p>\n","protected":false},"excerpt":{"rendered":"<p>O processo de inscri\u00e7\u00e3o para a realiza\u00e7\u00e3o de provas e exames, no ano letivo 2024\/2025,efetua-se atrav\u00e9s da plataforma PIEPE, no endere\u00e7o https:\/\/jnepiepe.dge.mec.pt, tendoo encarregado de educa\u00e7\u00e3o ou o aluno, quando maior, de efetuar, primeiramente, o registona plataforma. Prazo de inscri\u00e7\u00e3o<\/p>\n","protected":false},"author":3,"featured_media":0,"comment_status":"closed","ping_status":"closed","sticky":false,"template":"","format":"standard","meta":{"footnotes":""},"categories":[14],"tags":[],"_links":{"self":[{"href":"https:\/\/agrupamentodealmeida.net\/prtl\/index.php?rest_route=\/wp\/v2\/posts\/1884"}],"collection":[{"href":"https:\/\/agrupamentodealmeida.net\/prtl\/index.php?rest_route=\/wp\/v2\/posts"}],"about":[{"href":"https:\/\/agrupamentodealmeida.net\/prtl\/index.php?rest_route=\/wp\/v2\/types\/post"}],"author":[{"embeddable":true,"href":"https:\/\/agrupamentodealmeida.net\/prtl\/index.php?rest_route=\/wp\/v2\/users\/3"}],"replies":[{"embeddable":true,"href":"https:\/\/agrupamentodealmeida.net\/prtl\/index.php?rest_route=%2Fwp%2Fv2%2Fcomments&post=1884"}],"version-history":[{"count":1,"href":"https:\/\/agrupamentodealmeida.net\/prtl\/index.php?rest_route=\/wp\/v2\/posts\/1884\/revisions"}],"predecessor-version":[{"id":1887,"href":"https:\/\/agrupamentodealmeida.net\/prtl\/index.php?rest_route=\/wp\/v2\/posts\/1884\/revisions\/1887"}],"wp:attachment":[{"href":"https:\/\/agrupamentodealmeida.net\/prtl\/index.php?rest_route=%2Fwp%2Fv2%2Fmedia&parent=1884"}],"wp:term":[{"taxonomy":"category","embeddable":true,"href":"https:\/\/agrupamentodealmeida.net\/prtl\/index.php?rest_route=%2Fwp%2Fv2%2Fcategories&post=1884"},{"taxonomy":"post_tag","embeddable":true,"href":"https:\/\/agrupamentodealmeida.net\/prtl\/index.php?rest_route=%2Fwp%2Fv2%2Ftags&post=1884"}],"curies":[{"name":"wp","href":"https:\/\/api.w.org\/{rel}","templated":true}]}}