{"id":1783,"date":"2024-10-21T16:03:16","date_gmt":"2024-10-21T15:03:16","guid":{"rendered":"https:\/\/agrupamentodealmeida.net\/prtl\/?p=1783"},"modified":"2024-10-21T16:03:17","modified_gmt":"2024-10-21T15:03:17","slug":"dia-mundial-de-combate-ao-bullying-2024","status":"publish","type":"post","link":"https:\/\/agrupamentodealmeida.net\/prtl\/?p=1783","title":{"rendered":"Dia Mundial de Combate ao Bullying &#8211; 2024"},"content":{"rendered":"\n<p>No dia 20 de outubro assinalou-se o Dia Mundial de Combate ao Bullying, com o intuito de sensibilizar para um problema com o qual se debatem muitas crian\u00e7as e jovens em todo o mundo. Segundo a Associa\u00e7\u00e3o Portuguesa de Apoio \u00e0 Vitima (APAV)*em dois anos, o n\u00famero de situa\u00e7\u00f5es de bullying reportadas \u00e0 APAV cresceu 181%. Mais de 50% das v\u00edtimas de bullying que foram apoiadas na APAV entre 2020 e 2022 tinha entre 11 e 17 anos de idade. Os distritos de origem das v\u00edtimas com maior destaque s\u00e3o Lisboa (29,1%), Porto (16,3%) e Braga (6,6%). Em 70,9% dos casos, o autor da situa\u00e7\u00e3o de bullying era n\u00e3o s\u00f3 da mesma escola mas tamb\u00e9m da mesma turma que a v\u00edtima. Predomina a viol\u00eancia verbal (37,8%), embora a viol\u00eancia f\u00edsica tamb\u00e9m seja de destacar (32,7%). Em 81,7% das situa\u00e7\u00f5es, esta pr\u00e1tica de bullying ocorreu no estabelecimento de ensino. Esta \u00e9 uma realidade preocupante para a qual importa sensibilizar. Porque ningu\u00e9m tem o direito de humilhar ou agredir verbal ou fisicamente o outro, importa que todos compreendamos o papel importante que podemos ter no debelar desta problem\u00e1tica, pelo conhecimento das causas e consequ\u00eancias do bullying, no sentido de estarmos atentos e sermos capazes de identificar situa\u00e7\u00f5es, agindo adequadamente e ativando os recursos mais indicados no sentido de combater este flagelo que impacta negativamente n\u00e3o s\u00f3 nas v\u00edtimas, mas tamb\u00e9m nos seus familiares e amigos.<\/p>\n\n\n\n<p>O Bullying n\u00e3o \u00e9 uma Brincadeira e deve ser encarado como um problema de todos. <\/p>\n\n\n\n<p>*Fonte: https:\/\/apav.pt\/apav_v3\/index.php\/pt\/3311-estatisticas-apav-bullying-2020-2022<\/p>\n\n\n\n<figure class=\"wp-block-image size-large\"><img loading=\"lazy\" decoding=\"async\" width=\"768\" height=\"1024\" src=\"https:\/\/agrupamentodealmeida.net\/prtl\/wp-content\/uploads\/2024\/10\/IMG_8991-768x1024.jpg\" alt=\"\" class=\"wp-image-1784\" srcset=\"https:\/\/agrupamentodealmeida.net\/prtl\/wp-content\/uploads\/2024\/10\/IMG_8991-768x1024.jpg 768w, https:\/\/agrupamentodealmeida.net\/prtl\/wp-content\/uploads\/2024\/10\/IMG_8991-225x300.jpg 225w, https:\/\/agrupamentodealmeida.net\/prtl\/wp-content\/uploads\/2024\/10\/IMG_8991-rotated.jpg 960w\" sizes=\"(max-width: 768px) 100vw, 768px\" \/><\/figure>\n\n\n\n<p>S\u00edlvia Pereira &#8211; Psic\u00f3loga no Agrupamento<\/p>\n","protected":false},"excerpt":{"rendered":"<p>No dia 20 de outubro assinalou-se o Dia Mundial de Combate ao Bullying, com o intuito de sensibilizar para um problema com o qual se debatem muitas crian\u00e7as e jovens em todo o mundo. Segundo a Associa\u00e7\u00e3o Portuguesa de Apoio<\/p>\n","protected":false},"author":3,"featured_media":0,"comment_status":"closed","ping_status":"closed","sticky":false,"template":"","format":"standard","meta":{"footnotes":""},"categories":[14],"tags":[],"_links":{"self":[{"href":"https:\/\/agrupamentodealmeida.net\/prtl\/index.php?rest_route=\/wp\/v2\/posts\/1783"}],"collection":[{"href":"https:\/\/agrupamentodealmeida.net\/prtl\/index.php?rest_route=\/wp\/v2\/posts"}],"about":[{"href":"https:\/\/agrupamentodealmeida.net\/prtl\/index.php?rest_route=\/wp\/v2\/types\/post"}],"author":[{"embeddable":true,"href":"https:\/\/agrupamentodealmeida.net\/prtl\/index.php?rest_route=\/wp\/v2\/users\/3"}],"replies":[{"embeddable":true,"href":"https:\/\/agrupamentodealmeida.net\/prtl\/index.php?rest_route=%2Fwp%2Fv2%2Fcomments&post=1783"}],"version-history":[{"count":1,"href":"https:\/\/agrupamentodealmeida.net\/prtl\/index.php?rest_route=\/wp\/v2\/posts\/1783\/revisions"}],"predecessor-version":[{"id":1785,"href":"https:\/\/agrupamentodealmeida.net\/prtl\/index.php?rest_route=\/wp\/v2\/posts\/1783\/revisions\/1785"}],"wp:attachment":[{"href":"https:\/\/agrupamentodealmeida.net\/prtl\/index.php?rest_route=%2Fwp%2Fv2%2Fmedia&parent=1783"}],"wp:term":[{"taxonomy":"category","embeddable":true,"href":"https:\/\/agrupamentodealmeida.net\/prtl\/index.php?rest_route=%2Fwp%2Fv2%2Fcategories&post=1783"},{"taxonomy":"post_tag","embeddable":true,"href":"https:\/\/agrupamentodealmeida.net\/prtl\/index.php?rest_route=%2Fwp%2Fv2%2Ftags&post=1783"}],"curies":[{"name":"wp","href":"https:\/\/api.w.org\/{rel}","templated":true}]}}