{"id":1778,"date":"2024-10-04T14:40:24","date_gmt":"2024-10-04T13:40:24","guid":{"rendered":"https:\/\/agrupamentodealmeida.net\/prtl\/?p=1778"},"modified":"2024-10-04T14:40:25","modified_gmt":"2024-10-04T13:40:25","slug":"x-encontro-alma-por-almeida","status":"publish","type":"post","link":"https:\/\/agrupamentodealmeida.net\/prtl\/?p=1778","title":{"rendered":"X Encontro Alma por Almeida"},"content":{"rendered":"\n<h1 class=\"wp-block-heading\">Caros Pais e Encarregados de Educa\u00e7\u00e3o<\/h1>\n\n\n\n<p>A ADEFS, no \u00e2mbito do <strong><em>X Encontro Alma por Almeida<\/em><\/strong>, com a coopera\u00e7\u00e3o do AEA, promove um evento especial para o qual tem o prazer de o convidar.<\/p>\n\n\n\n<h1 class=\"wp-block-heading\">Programa de Workshops<\/h1>\n\n\n\n<p><strong>O mel e o cardo <\/strong>s\u00e3o dois produtos que podem contribuir para o crescimento econ\u00f3mico da nossa regi\u00e3o sendo que, para isso, \u00e9 necess\u00e1rio implementar algumas medidas, entre elas a forma\u00e7\u00e3o.<\/p>\n\n\n\n<p>As compet\u00eancias individuais necess\u00e1rias para atingir pr\u00e1ticas de produ\u00e7\u00e3o sustent\u00e1veis, indo desde os conhecimentos t\u00e9cnicos \u00e0 gest\u00e3o dos recursos, exigem indiscutivelmente, forma\u00e7\u00e3o.<\/p>\n\n\n\n<p>Os workshops que vamos proporcionar s\u00e3o o in\u00edcio de um plano tra\u00e7ado, n\u00e3o s\u00f3 para ajudar os atuais produtores a melhorar a efici\u00eancia e qualidade de produ\u00e7\u00e3o, como tamb\u00e9m ser\u00e3o dirigidos a novos interessados que desejem tornar-se produtores.<\/p>\n\n\n\n<ul>\n<li><strong><em>Workshop sobre o Mel<\/em><\/strong><\/li>\n<\/ul>\n\n\n\n<h1 class=\"wp-block-heading\">Local \u2013 Escola Dr. Jos\u00e9 Casimiro Matias &nbsp;&nbsp;&nbsp;&nbsp;Data \u2013 12 de outubro de 2024<\/h1>\n\n\n\n<p><strong>Hora \u2013 In\u00edcio 14 horas<\/strong><\/p>\n\n\n\n<p>O Eng\u00ba Florestal Am\u00edlcar Fernandes, apicultor e formador na \u00e1rea da apicultura, ir\u00e1 falar sobre o mel e a sua produ\u00e7\u00e3o, destacando as vantagens econ\u00f3micas da atividade ap\u00edcola.<\/p>\n\n\n\n<p>Apresentar\u00e1, nesta \u00e1rea, um plano de forma\u00e7\u00e3o destinado \u00e0 comunidade, a ser realizado em Almeida e abrangendo dois n\u00edveis de aprendizagem :<\/p>\n\n\n\n<p><strong>Inicia\u00e7\u00e3o \u2013 <\/strong>para novos produtores;<\/p>\n\n\n\n<p><strong>Continua\u00e7\u00e3o \u2013 <\/strong>para produtores j\u00e1 estabelecidos.<\/p>\n\n\n\n<p>O modelo de forma\u00e7\u00e3o ser\u00e1 da responsabilidade deste formador, que acordar\u00e1 com os interessados a data dos dois cursos, n\u00ba de horas, hor\u00e1rios, etc.<\/p>\n\n\n\n<ul>\n<li><strong><em>Workshop sobre o Cardo<\/em><\/strong><\/li>\n<\/ul>\n\n\n\n<h1 class=\"wp-block-heading\">Local \u2013 Escola Dr. Jos\u00e9 Casimiro Matias Data \u2013 12 de outubro de 2024<\/h1>\n\n\n\n<p><strong>Hora \u2013 In\u00edcio 14:45 horas<\/strong><\/p>\n\n\n\n<p>O Professor Doutor Paulo Barracosa, investigador na \u00e1rea do cardo, abordar\u00e1 quest\u00f5es relacionadas com as diversas utiliza\u00e7\u00f5es desta planta, sua cultura, produ\u00e7\u00e3o e escoamento, para poder ser uma fonte de rendimento sustent\u00e1vel.<\/p>\n\n\n\n<p>Os interessados nesta \u00e1rea agr\u00edcola ter\u00e3o possibilidade de adquirir os conhecimentos necess\u00e1rios para apostarem na produ\u00e7\u00e3o do cardo, estando previsto um plano de forma\u00e7\u00e3o.<\/p>\n\n\n\n<p><strong><em>PORQU\u00ca<\/em><\/strong><strong><em> <\/em><\/strong><strong><em>PARTICIPAR?<\/em><\/strong><\/p>\n\n\n\n<p>Temos por objetivo tornar a produ\u00e7\u00e3o do mel e do cardo atrativa, beneficiando tanto produtores como consumidores, mas tamb\u00e9m pretendemos incentivar pr\u00e1ticas agr\u00edcolas sustent\u00e1veis e que preservem o meio ambiente.<\/p>\n\n\n\n<p>A si deixamos uma mensagem:<\/p>\n\n\n\n<p>\u00abA nossa regi\u00e3o s\u00f3 ser\u00e1 competitiva quando houver uma participa\u00e7\u00e3o ativa da comunidade em iniciativas sustent\u00e1veis\u00bb<\/p>\n\n\n\n<p>A Dire\u00e7\u00e3o da ADEF<\/p>\n\n\n\n<figure class=\"wp-block-image size-large\"><img loading=\"lazy\" decoding=\"async\" width=\"723\" height=\"1024\" src=\"https:\/\/agrupamentodealmeida.net\/prtl\/wp-content\/uploads\/2024\/10\/Programa-V2.5-723x1024.png\" alt=\"\" class=\"wp-image-1779\" srcset=\"https:\/\/agrupamentodealmeida.net\/prtl\/wp-content\/uploads\/2024\/10\/Programa-V2.5-723x1024.png 723w, https:\/\/agrupamentodealmeida.net\/prtl\/wp-content\/uploads\/2024\/10\/Programa-V2.5-212x300.png 212w, https:\/\/agrupamentodealmeida.net\/prtl\/wp-content\/uploads\/2024\/10\/Programa-V2.5-768x1087.png 768w, https:\/\/agrupamentodealmeida.net\/prtl\/wp-content\/uploads\/2024\/10\/Programa-V2.5-1085x1536.png 1085w, https:\/\/agrupamentodealmeida.net\/prtl\/wp-content\/uploads\/2024\/10\/Programa-V2.5.png 1270w\" sizes=\"(max-width: 723px) 100vw, 723px\" \/><\/figure>\n","protected":false},"excerpt":{"rendered":"<p>Caros Pais e Encarregados de Educa\u00e7\u00e3o A ADEFS, no \u00e2mbito do X Encontro Alma por Almeida, com a coopera\u00e7\u00e3o do AEA, promove um evento especial para o qual tem o prazer de o convidar. Programa de Workshops O mel e<\/p>\n","protected":false},"author":3,"featured_media":0,"comment_status":"closed","ping_status":"closed","sticky":false,"template":"","format":"standard","meta":{"footnotes":""},"categories":[14],"tags":[],"_links":{"self":[{"href":"https:\/\/agrupamentodealmeida.net\/prtl\/index.php?rest_route=\/wp\/v2\/posts\/1778"}],"collection":[{"href":"https:\/\/agrupamentodealmeida.net\/prtl\/index.php?rest_route=\/wp\/v2\/posts"}],"about":[{"href":"https:\/\/agrupamentodealmeida.net\/prtl\/index.php?rest_route=\/wp\/v2\/types\/post"}],"author":[{"embeddable":true,"href":"https:\/\/agrupamentodealmeida.net\/prtl\/index.php?rest_route=\/wp\/v2\/users\/3"}],"replies":[{"embeddable":true,"href":"https:\/\/agrupamentodealmeida.net\/prtl\/index.php?rest_route=%2Fwp%2Fv2%2Fcomments&post=1778"}],"version-history":[{"count":1,"href":"https:\/\/agrupamentodealmeida.net\/prtl\/index.php?rest_route=\/wp\/v2\/posts\/1778\/revisions"}],"predecessor-version":[{"id":1780,"href":"https:\/\/agrupamentodealmeida.net\/prtl\/index.php?rest_route=\/wp\/v2\/posts\/1778\/revisions\/1780"}],"wp:attachment":[{"href":"https:\/\/agrupamentodealmeida.net\/prtl\/index.php?rest_route=%2Fwp%2Fv2%2Fmedia&parent=1778"}],"wp:term":[{"taxonomy":"category","embeddable":true,"href":"https:\/\/agrupamentodealmeida.net\/prtl\/index.php?rest_route=%2Fwp%2Fv2%2Fcategories&post=1778"},{"taxonomy":"post_tag","embeddable":true,"href":"https:\/\/agrupamentodealmeida.net\/prtl\/index.php?rest_route=%2Fwp%2Fv2%2Ftags&post=1778"}],"curies":[{"name":"wp","href":"https:\/\/api.w.org\/{rel}","templated":true}]}}