{"id":1748,"date":"2024-09-06T11:56:02","date_gmt":"2024-09-06T10:56:02","guid":{"rendered":"https:\/\/agrupamentodealmeida.net\/prtl\/?p=1748"},"modified":"2024-09-06T11:59:22","modified_gmt":"2024-09-06T10:59:22","slug":"inicio-do-ano-letivo-2024-2025","status":"publish","type":"post","link":"https:\/\/agrupamentodealmeida.net\/prtl\/?p=1748","title":{"rendered":"In\u00edcio do ano letivo 2024\/2025"},"content":{"rendered":"\n<p>As atividades do ano letivo 2024\/2025 ter\u00e3o in\u00edcio no <strong>dia 13 de setembro<\/strong>, no per\u00edodo da manh\u00e3, das 9 horas \u00e0s 12 horas.<\/p>\n\n\n\n<p>Cada diretor de turma e respetivo secret\u00e1rio nos 2\u00baCiclo, 3\u00baCiclo e Ensino Secund\u00e1rio, o professor titular do 1\u00baCiclo e a educadora do Pr\u00e9-escolar\u00a0\u00a0recebem os alunos e respetivos encarregados de educa\u00e7\u00e3o\/pais, na sala destinada ao ano\/grupo de matr\u00edcula.<\/p>\n\n\n\n<p>Os alunos do Pr\u00e9-Escolar ter\u00e3o AAAFs at\u00e9 ao final do dia.<\/p>\n\n\n\n<p>Neste dia, o servi\u00e7o de cantina funcionar\u00e1 para todos os alunos que adquiram senha antecipadamente.<\/p>\n\n\n\n<p><strong>Os alunos que se deslocam t\u00eam transporte de regresso pelas 14 horas. Os trajetos de Escarigo e Escalh\u00e3o ser\u00e3o os \u00faltimos.<\/strong><strong><\/strong><\/p>\n\n\n\n<p>Na segunda-feira, <strong>dia 16 de setembro<\/strong>, as atividades decorrer\u00e3o segundo o hor\u00e1rio escolar normal.<\/p>\n\n\n\n<p>As AECs e CAFs, providenciadas pelo Munic\u00edpio, t\u00eam in\u00edcio previsto para dia 23 de setembro. \u00a0<\/p>\n\n\n\n<figure class=\"wp-block-table\"><table><tbody><tr><td class=\"has-text-align-center\" data-align=\"center\" colspan=\"3\"><strong>Per\u00edodos letivos 2024\/2025<\/strong><\/td><\/tr><tr><td class=\"has-text-align-center\" data-align=\"center\"><strong>Per\u00edodos letivos<\/strong><\/td><td><strong>In\u00edcio<\/strong><\/td><td><strong>Fim<\/strong><\/td><\/tr><tr><td class=\"has-text-align-center\" data-align=\"center\">1.\u00ba<\/td><td>&nbsp;13 de setembro de 2024<\/td><td>17 de dezembro de 2024<\/td><\/tr><tr><td class=\"has-text-align-center\" data-align=\"center\">2.\u00ba<\/td><td>6 de janeiro de 2025<\/td><td>4 de abril de 2025<\/td><\/tr><tr><td class=\"has-text-align-center\" data-align=\"center\">3.\u00ba<\/td><td>22 de abril de 2025<\/td><td>6 de junho (9\u00ba, 11\u00ba e 12\u00ba anos) <br>13 de junho (5\u00ba, 6\u00ba, 7\u00ba, 8\u00ba e 10\u00ba anos) <br>27 de junho de 2025 (educa\u00e7\u00e3o pr\u00e9-escolar e 1\u00ba ciclo)<\/td><\/tr><\/tbody><\/table><\/figure>\n","protected":false},"excerpt":{"rendered":"<p>As atividades do ano letivo 2024\/2025 ter\u00e3o in\u00edcio no dia 13 de setembro, no per\u00edodo da manh\u00e3, das 9 horas \u00e0s 12 horas. Cada diretor de turma e respetivo secret\u00e1rio nos 2\u00baCiclo, 3\u00baCiclo e Ensino Secund\u00e1rio, o professor titular do<\/p>\n","protected":false},"author":3,"featured_media":0,"comment_status":"closed","ping_status":"closed","sticky":false,"template":"","format":"standard","meta":{"footnotes":""},"categories":[14],"tags":[],"_links":{"self":[{"href":"https:\/\/agrupamentodealmeida.net\/prtl\/index.php?rest_route=\/wp\/v2\/posts\/1748"}],"collection":[{"href":"https:\/\/agrupamentodealmeida.net\/prtl\/index.php?rest_route=\/wp\/v2\/posts"}],"about":[{"href":"https:\/\/agrupamentodealmeida.net\/prtl\/index.php?rest_route=\/wp\/v2\/types\/post"}],"author":[{"embeddable":true,"href":"https:\/\/agrupamentodealmeida.net\/prtl\/index.php?rest_route=\/wp\/v2\/users\/3"}],"replies":[{"embeddable":true,"href":"https:\/\/agrupamentodealmeida.net\/prtl\/index.php?rest_route=%2Fwp%2Fv2%2Fcomments&post=1748"}],"version-history":[{"count":3,"href":"https:\/\/agrupamentodealmeida.net\/prtl\/index.php?rest_route=\/wp\/v2\/posts\/1748\/revisions"}],"predecessor-version":[{"id":1752,"href":"https:\/\/agrupamentodealmeida.net\/prtl\/index.php?rest_route=\/wp\/v2\/posts\/1748\/revisions\/1752"}],"wp:attachment":[{"href":"https:\/\/agrupamentodealmeida.net\/prtl\/index.php?rest_route=%2Fwp%2Fv2%2Fmedia&parent=1748"}],"wp:term":[{"taxonomy":"category","embeddable":true,"href":"https:\/\/agrupamentodealmeida.net\/prtl\/index.php?rest_route=%2Fwp%2Fv2%2Fcategories&post=1748"},{"taxonomy":"post_tag","embeddable":true,"href":"https:\/\/agrupamentodealmeida.net\/prtl\/index.php?rest_route=%2Fwp%2Fv2%2Ftags&post=1748"}],"curies":[{"name":"wp","href":"https:\/\/api.w.org\/{rel}","templated":true}]}}