{"id":1745,"date":"2024-09-04T14:36:40","date_gmt":"2024-09-04T13:36:40","guid":{"rendered":"https:\/\/agrupamentodealmeida.net\/prtl\/?p=1745"},"modified":"2024-09-04T14:36:41","modified_gmt":"2024-09-04T13:36:41","slug":"contratacao-de-terapeuta-da-fala-horario-5-2024_25","status":"publish","type":"post","link":"https:\/\/agrupamentodealmeida.net\/prtl\/?p=1745","title":{"rendered":"Contrata\u00e7\u00e3o de Terapeuta da fala &#8211; hor\u00e1rio 5 &#8211; 2024_25"},"content":{"rendered":"<a href=\"https:\/\/agrupamentodealmeida.net\/prtl\/wp-content\/uploads\/2024\/09\/contratacao-de-escola-Terapeuta-da-fala-PDPSC_horario-5_signed.pdf\" class=\"pdfemb-viewer\" style=\"\" data-width=\"max\" data-height=\"max\"  data-toolbar=\"bottom\" data-toolbar-fixed=\"off\">contratacao-de-escola-Terapeuta-da-fala-PDPSC_horario-5_signed<br\/><\/a>\n<p class=\"wp-block-pdfemb-pdf-embedder-viewer\"><\/p>\n","protected":false},"excerpt":{"rendered":"","protected":false},"author":3,"featured_media":0,"comment_status":"closed","ping_status":"closed","sticky":false,"template":"","format":"standard","meta":{"footnotes":""},"categories":[14],"tags":[],"_links":{"self":[{"href":"https:\/\/agrupamentodealmeida.net\/prtl\/index.php?rest_route=\/wp\/v2\/posts\/1745"}],"collection":[{"href":"https:\/\/agrupamentodealmeida.net\/prtl\/index.php?rest_route=\/wp\/v2\/posts"}],"about":[{"href":"https:\/\/agrupamentodealmeida.net\/prtl\/index.php?rest_route=\/wp\/v2\/types\/post"}],"author":[{"embeddable":true,"href":"https:\/\/agrupamentodealmeida.net\/prtl\/index.php?rest_route=\/wp\/v2\/users\/3"}],"replies":[{"embeddable":true,"href":"https:\/\/agrupamentodealmeida.net\/prtl\/index.php?rest_route=%2Fwp%2Fv2%2Fcomments&post=1745"}],"version-history":[{"count":1,"href":"https:\/\/agrupamentodealmeida.net\/prtl\/index.php?rest_route=\/wp\/v2\/posts\/1745\/revisions"}],"predecessor-version":[{"id":1747,"href":"https:\/\/agrupamentodealmeida.net\/prtl\/index.php?rest_route=\/wp\/v2\/posts\/1745\/revisions\/1747"}],"wp:attachment":[{"href":"https:\/\/agrupamentodealmeida.net\/prtl\/index.php?rest_route=%2Fwp%2Fv2%2Fmedia&parent=1745"}],"wp:term":[{"taxonomy":"category","embeddable":true,"href":"https:\/\/agrupamentodealmeida.net\/prtl\/index.php?rest_route=%2Fwp%2Fv2%2Fcategories&post=1745"},{"taxonomy":"post_tag","embeddable":true,"href":"https:\/\/agrupamentodealmeida.net\/prtl\/index.php?rest_route=%2Fwp%2Fv2%2Ftags&post=1745"}],"curies":[{"name":"wp","href":"https:\/\/api.w.org\/{rel}","templated":true}]}}