{"id":1721,"date":"2024-07-20T09:24:34","date_gmt":"2024-07-20T08:24:34","guid":{"rendered":"https:\/\/agrupamentodealmeida.net\/prtl\/?p=1721"},"modified":"2024-07-18T10:04:41","modified_gmt":"2024-07-18T09:04:41","slug":"iii-encontro-de-equipas-de-desenvolvimento-digital","status":"publish","type":"post","link":"https:\/\/agrupamentodealmeida.net\/prtl\/?p=1721","title":{"rendered":"III Encontro de Equipas de Desenvolvimento Digital"},"content":{"rendered":"\n<p>O\u00a0CFAE Guarda Raia realizou no dia 3 de julho o III Encontro de Equipas de Desenvolvimento Digital, com o tema &#8220;Novos Tempos.Novas Compet\u00eancias&#8221;. Este evento deu continuidade aos encontros anteriores, onde se sublinhou\u00a0a capacita\u00e7\u00e3o digital e destacou o trabalho realizado pelas equipas de desenvolvimento digital de cada Agrupamento, com foco nas compet\u00eancias digitais essenciais para o sucesso educativo no s\u00e9culo XXI. Uma das principais comunica\u00e7\u00f5es deste encontro foi\u00a0&#8220;IA na Educa\u00e7\u00e3o: Oportunidades e Desafios&#8221;.<\/p>\n\n\n\n<div class=\"wp-block-media-text is-stacked-on-mobile\"><figure class=\"wp-block-media-text__media\"><img loading=\"lazy\" decoding=\"async\" width=\"717\" height=\"1024\" src=\"https:\/\/agrupamentodealmeida.net\/prtl\/wp-content\/uploads\/2024\/07\/POSTER-AEA-Original-1-717x1024.jpg\" alt=\"\" class=\"wp-image-1728 size-full\" srcset=\"https:\/\/agrupamentodealmeida.net\/prtl\/wp-content\/uploads\/2024\/07\/POSTER-AEA-Original-1-717x1024.jpg 717w, https:\/\/agrupamentodealmeida.net\/prtl\/wp-content\/uploads\/2024\/07\/POSTER-AEA-Original-1-210x300.jpg 210w, https:\/\/agrupamentodealmeida.net\/prtl\/wp-content\/uploads\/2024\/07\/POSTER-AEA-Original-1-768x1098.jpg 768w, https:\/\/agrupamentodealmeida.net\/prtl\/wp-content\/uploads\/2024\/07\/POSTER-AEA-Original-1-1075x1536.jpg 1075w, https:\/\/agrupamentodealmeida.net\/prtl\/wp-content\/uploads\/2024\/07\/POSTER-AEA-Original-1-1433x2048.jpg 1433w, https:\/\/agrupamentodealmeida.net\/prtl\/wp-content\/uploads\/2024\/07\/POSTER-AEA-Original-1-scaled.jpg 1791w\" sizes=\"(max-width: 717px) 100vw, 717px\" \/><\/figure><div class=\"wp-block-media-text__content\">\n<p>O Agrupamento de Escolas de Almeida, representado pelo professor V\u00edtor Robalo, apresentou a galeria de estrat\u00e9gias implementadas no \u00e2mbito do&nbsp; projeto&nbsp;<strong>Rota das Fortalezas Abaluartadas da Raia<\/strong>,&nbsp;uma iniciativa dos&nbsp;Munic\u00edpios de Almeida, Marv\u00e3o, Elvas, Valen\u00e7a, em parceria com a Rede de Bibliotecas Escolares e Turismo de Portugal, cujo objetivo \u00e9 criar um produto de turismo cultural de \u00e2mbito nacional, associado a uma candidatura de Patrim\u00f3nio da Humanidade que est\u00e1 a decorrer em paralelo, criando-se uma rota com selo de Patrim\u00f3nio Mundial da Unesco.<\/p>\n\n\n\n<p>As a\u00e7\u00f5es desenvolvidas em estreita colabora\u00e7\u00e3o com a C\u00e2mara Municipal de Almeida, Rede de Bibliotecas Escolares,&nbsp;AEA,&nbsp;CEAMA, Biblioteca Municipal, Equipa de Desenvolvimento Digital, Bibliotecas Escolares, professores de Portugu\u00eas, TIC, 5G, Hist\u00f3ria e Educa\u00e7\u00e3o Visual t\u00eam como objetivo promover a leitura, o pensamento computacional, a aprendizagem art\u00edstica e cultural em liga\u00e7\u00e3o ao patrim\u00f3nio local, de proximidade.<\/p>\n<\/div><\/div>\n\n\n\n<figure class=\"wp-block-embed is-type-video is-provider-youtube wp-block-embed-youtube wp-embed-aspect-16-9 wp-has-aspect-ratio\"><div class=\"wp-block-embed__wrapper\">\n<iframe loading=\"lazy\" title=\"Projeto RFAR\" width=\"750\" height=\"422\" src=\"https:\/\/www.youtube.com\/embed\/9Pgw7ZQb6Jc?feature=oembed\" frameborder=\"0\" allow=\"accelerometer; autoplay; clipboard-write; encrypted-media; gyroscope; picture-in-picture; web-share\" referrerpolicy=\"strict-origin-when-cross-origin\" allowfullscreen><\/iframe>\n<\/div><\/figure>\n\n\n\n<div class=\"wp-block-columns is-layout-flex wp-container-core-columns-layout-2 wp-block-columns-is-layout-flex\">\n<div class=\"wp-block-column is-layout-flow wp-block-column-is-layout-flow\" style=\"flex-basis:100%\">\n<div class=\"wp-block-group is-layout-constrained wp-block-group-is-layout-constrained\"><div class=\"wp-block-group__inner-container\">\n<div class=\"wp-block-columns is-layout-flex wp-container-core-columns-layout-1 wp-block-columns-is-layout-flex\">\n<div class=\"wp-block-column is-layout-flow wp-block-column-is-layout-flow\" style=\"flex-basis:100%\">\n<figure class=\"wp-block-gallery has-nested-images columns-default is-cropped wp-block-gallery-1 is-layout-flex wp-block-gallery-is-layout-flex\">\n<figure class=\"wp-block-image size-large\"><img loading=\"lazy\" decoding=\"async\" width=\"768\" height=\"1024\" src=\"https:\/\/agrupamentodealmeida.net\/prtl\/wp-content\/uploads\/2024\/07\/encontro2-1-768x1024.jpg\" alt=\"\" class=\"wp-image-1733\" srcset=\"https:\/\/agrupamentodealmeida.net\/prtl\/wp-content\/uploads\/2024\/07\/encontro2-1-768x1024.jpg 768w, https:\/\/agrupamentodealmeida.net\/prtl\/wp-content\/uploads\/2024\/07\/encontro2-1-225x300.jpg 225w, https:\/\/agrupamentodealmeida.net\/prtl\/wp-content\/uploads\/2024\/07\/encontro2-1-1152x1536.jpg 1152w, https:\/\/agrupamentodealmeida.net\/prtl\/wp-content\/uploads\/2024\/07\/encontro2-1.jpg 1200w\" sizes=\"(max-width: 768px) 100vw, 768px\" \/><\/figure>\n\n\n\n<figure class=\"wp-block-image size-large\"><img loading=\"lazy\" decoding=\"async\" width=\"1024\" height=\"651\" src=\"https:\/\/agrupamentodealmeida.net\/prtl\/wp-content\/uploads\/2024\/07\/IMG_2607-1024x651.jpeg\" alt=\"\" class=\"wp-image-1736\" srcset=\"https:\/\/agrupamentodealmeida.net\/prtl\/wp-content\/uploads\/2024\/07\/IMG_2607-1024x651.jpeg 1024w, https:\/\/agrupamentodealmeida.net\/prtl\/wp-content\/uploads\/2024\/07\/IMG_2607-300x191.jpeg 300w, https:\/\/agrupamentodealmeida.net\/prtl\/wp-content\/uploads\/2024\/07\/IMG_2607-768x488.jpeg 768w, https:\/\/agrupamentodealmeida.net\/prtl\/wp-content\/uploads\/2024\/07\/IMG_2607-1536x977.jpeg 1536w, https:\/\/agrupamentodealmeida.net\/prtl\/wp-content\/uploads\/2024\/07\/IMG_2607.jpeg 2016w\" sizes=\"(max-width: 1024px) 100vw, 1024px\" \/><\/figure>\n\n\n\n<figure class=\"wp-block-image size-large\"><img loading=\"lazy\" decoding=\"async\" width=\"1024\" height=\"542\" src=\"https:\/\/agrupamentodealmeida.net\/prtl\/wp-content\/uploads\/2024\/07\/IMG_2611-1024x542.jpeg\" alt=\"\" class=\"wp-image-1737\" srcset=\"https:\/\/agrupamentodealmeida.net\/prtl\/wp-content\/uploads\/2024\/07\/IMG_2611-1024x542.jpeg 1024w, https:\/\/agrupamentodealmeida.net\/prtl\/wp-content\/uploads\/2024\/07\/IMG_2611-300x159.jpeg 300w, https:\/\/agrupamentodealmeida.net\/prtl\/wp-content\/uploads\/2024\/07\/IMG_2611-768x406.jpeg 768w, https:\/\/agrupamentodealmeida.net\/prtl\/wp-content\/uploads\/2024\/07\/IMG_2611-1536x813.jpeg 1536w, https:\/\/agrupamentodealmeida.net\/prtl\/wp-content\/uploads\/2024\/07\/IMG_2611.jpeg 2016w\" sizes=\"(max-width: 1024px) 100vw, 1024px\" \/><\/figure>\n\n\n\n<figure class=\"wp-block-image size-large\"><img loading=\"lazy\" decoding=\"async\" width=\"1024\" height=\"593\" src=\"https:\/\/agrupamentodealmeida.net\/prtl\/wp-content\/uploads\/2024\/07\/IMG_2632-1024x593.jpeg\" alt=\"\" class=\"wp-image-1738\" srcset=\"https:\/\/agrupamentodealmeida.net\/prtl\/wp-content\/uploads\/2024\/07\/IMG_2632-1024x593.jpeg 1024w, https:\/\/agrupamentodealmeida.net\/prtl\/wp-content\/uploads\/2024\/07\/IMG_2632-300x174.jpeg 300w, https:\/\/agrupamentodealmeida.net\/prtl\/wp-content\/uploads\/2024\/07\/IMG_2632-768x445.jpeg 768w, https:\/\/agrupamentodealmeida.net\/prtl\/wp-content\/uploads\/2024\/07\/IMG_2632-1536x890.jpeg 1536w, https:\/\/agrupamentodealmeida.net\/prtl\/wp-content\/uploads\/2024\/07\/IMG_2632.jpeg 2016w\" sizes=\"(max-width: 1024px) 100vw, 1024px\" \/><\/figure>\n\n\n\n<figure class=\"wp-block-image size-large\"><img loading=\"lazy\" decoding=\"async\" width=\"768\" height=\"1024\" src=\"https:\/\/agrupamentodealmeida.net\/prtl\/wp-content\/uploads\/2024\/07\/encontro-2-768x1024.jpg\" alt=\"\" class=\"wp-image-1734\" srcset=\"https:\/\/agrupamentodealmeida.net\/prtl\/wp-content\/uploads\/2024\/07\/encontro-2-768x1024.jpg 768w, https:\/\/agrupamentodealmeida.net\/prtl\/wp-content\/uploads\/2024\/07\/encontro-2-225x300.jpg 225w, https:\/\/agrupamentodealmeida.net\/prtl\/wp-content\/uploads\/2024\/07\/encontro-2-1152x1536.jpg 1152w, https:\/\/agrupamentodealmeida.net\/prtl\/wp-content\/uploads\/2024\/07\/encontro-2.jpg 1200w\" sizes=\"(max-width: 768px) 100vw, 768px\" \/><\/figure>\n\n\n\n<figure class=\"wp-block-image size-large\"><img loading=\"lazy\" decoding=\"async\" width=\"717\" height=\"1024\" src=\"https:\/\/agrupamentodealmeida.net\/prtl\/wp-content\/uploads\/2024\/07\/POSTER-AEA-Original-1-717x1024.jpg\" alt=\"\" class=\"wp-image-1728\" srcset=\"https:\/\/agrupamentodealmeida.net\/prtl\/wp-content\/uploads\/2024\/07\/POSTER-AEA-Original-1-717x1024.jpg 717w, https:\/\/agrupamentodealmeida.net\/prtl\/wp-content\/uploads\/2024\/07\/POSTER-AEA-Original-1-210x300.jpg 210w, https:\/\/agrupamentodealmeida.net\/prtl\/wp-content\/uploads\/2024\/07\/POSTER-AEA-Original-1-768x1098.jpg 768w, https:\/\/agrupamentodealmeida.net\/prtl\/wp-content\/uploads\/2024\/07\/POSTER-AEA-Original-1-1075x1536.jpg 1075w, https:\/\/agrupamentodealmeida.net\/prtl\/wp-content\/uploads\/2024\/07\/POSTER-AEA-Original-1-1433x2048.jpg 1433w, https:\/\/agrupamentodealmeida.net\/prtl\/wp-content\/uploads\/2024\/07\/POSTER-AEA-Original-1-scaled.jpg 1791w\" sizes=\"(max-width: 717px) 100vw, 717px\" \/><\/figure>\n<\/figure>\n<\/div>\n<\/div>\n<\/div><\/div>\n<\/div>\n<\/div>\n","protected":false},"excerpt":{"rendered":"<p>O\u00a0CFAE Guarda Raia realizou no dia 3 de julho o III Encontro de Equipas de Desenvolvimento Digital, com o tema &#8220;Novos Tempos.Novas Compet\u00eancias&#8221;. Este evento deu continuidade aos encontros anteriores, onde se sublinhou\u00a0a capacita\u00e7\u00e3o digital e destacou o trabalho realizado<\/p>\n","protected":false},"author":2,"featured_media":1728,"comment_status":"closed","ping_status":"closed","sticky":false,"template":"","format":"standard","meta":{"footnotes":""},"categories":[14],"tags":[56,55],"_links":{"self":[{"href":"https:\/\/agrupamentodealmeida.net\/prtl\/index.php?rest_route=\/wp\/v2\/posts\/1721"}],"collection":[{"href":"https:\/\/agrupamentodealmeida.net\/prtl\/index.php?rest_route=\/wp\/v2\/posts"}],"about":[{"href":"https:\/\/agrupamentodealmeida.net\/prtl\/index.php?rest_route=\/wp\/v2\/types\/post"}],"author":[{"embeddable":true,"href":"https:\/\/agrupamentodealmeida.net\/prtl\/index.php?rest_route=\/wp\/v2\/users\/2"}],"replies":[{"embeddable":true,"href":"https:\/\/agrupamentodealmeida.net\/prtl\/index.php?rest_route=%2Fwp%2Fv2%2Fcomments&post=1721"}],"version-history":[{"count":6,"href":"https:\/\/agrupamentodealmeida.net\/prtl\/index.php?rest_route=\/wp\/v2\/posts\/1721\/revisions"}],"predecessor-version":[{"id":1739,"href":"https:\/\/agrupamentodealmeida.net\/prtl\/index.php?rest_route=\/wp\/v2\/posts\/1721\/revisions\/1739"}],"wp:featuredmedia":[{"embeddable":true,"href":"https:\/\/agrupamentodealmeida.net\/prtl\/index.php?rest_route=\/wp\/v2\/media\/1728"}],"wp:attachment":[{"href":"https:\/\/agrupamentodealmeida.net\/prtl\/index.php?rest_route=%2Fwp%2Fv2%2Fmedia&parent=1721"}],"wp:term":[{"taxonomy":"category","embeddable":true,"href":"https:\/\/agrupamentodealmeida.net\/prtl\/index.php?rest_route=%2Fwp%2Fv2%2Fcategories&post=1721"},{"taxonomy":"post_tag","embeddable":true,"href":"https:\/\/agrupamentodealmeida.net\/prtl\/index.php?rest_route=%2Fwp%2Fv2%2Ftags&post=1721"}],"curies":[{"name":"wp","href":"https:\/\/api.w.org\/{rel}","templated":true}]}}