{"id":1701,"date":"2024-06-06T10:23:39","date_gmt":"2024-06-06T09:23:39","guid":{"rendered":"https:\/\/agrupamentodealmeida.net\/prtl\/?p=1701"},"modified":"2024-06-06T10:23:39","modified_gmt":"2024-06-06T09:23:39","slug":"visita-de-estudo-do-dia-29-de-maio-do-departamento-de-matematica-e-ciencias-experimentais-ao-exploratorio-de-coimbra","status":"publish","type":"post","link":"https:\/\/agrupamentodealmeida.net\/prtl\/?p=1701","title":{"rendered":"Visita de estudo do dia 29 de maio do Departamento de Matem\u00e1tica e Ci\u00eancias Experimentais ao Explorat\u00f3rio de Coimbra"},"content":{"rendered":"\n<p><strong><em>Alunos visitam o Explorat\u00f3rio UC &#8211; Ci\u00eancia Viva em Coimbra\u00a0<\/em><\/strong><\/p>\n\n\n\n<p><strong><em>No dia 29 de maio, os alunos do 2\u00ba e 3\u00ba ciclo da nossa escola tiveram a oportunidade de participar numa enriquecedora visita ao UC Explorat\u00f3rio &#8211; Ci\u00eancia Viva, em Coimbra. A atividade proporcionou aos alunos uma experi\u00eancia \u00fanica de aprendizagem interativa e cient\u00edfica.<\/em><\/strong><\/p>\n\n\n\n<p><strong><em>A visita iniciou-se com uma rece\u00e7\u00e3o calorosa da equipa do Explorat\u00f3rio, que introduziu os alunos ao fascinante mundo das ci\u00eancias. A visita incluiu uma sess\u00e3o no planet\u00e1rio, onde os alunos puderam viajar pelo universo, e aprender sobre os planetas, estrelas e constela\u00e7\u00f5es de uma maneira l\u00fadica e envolvente. Tiveram ainda oportunidade de se divertir na exposi\u00e7\u00e3o &#8220;Viral &#8211; Uma exposi\u00e7\u00e3o contagiante&#8221;, onde aprenderam mais sobre os v\u00edrus.&nbsp; Houve ainda tempo para explorar o K\u00b4nex\u00ae descobrindo conceitos cient\u00edficos, matem\u00e1ticos, tecnol\u00f3gicos e de engenharia atrav\u00e9s de divertidas constru\u00e7\u00f5es de m\u00e1quinas, utens\u00edlios, ve\u00edculos, pontes e outros elementos do nosso quotidiano.<\/em><\/strong><\/p>\n\n\n\n<p><strong><em>Esta experi\u00eancia demonstrou, mais uma vez, a import\u00e2ncia de combinar o ensino te\u00f3rico com atividades pr\u00e1ticas e interativas, enriquecendo o processo de aprendizagem e estimular o interesse dos alunos pelas ci\u00eancias. Esperamos poder repetir esta visita em futuras oportunidades, continuando a incentivar o esp\u00edrito cient\u00edfico e a curiosidade dos nossos alunos.<\/em><\/strong><\/p>\n\n\n\n<p><strong><em>A coordenadora de Matem\u00e1tica e Ci\u00eancias Experimentais&nbsp;<\/em><\/strong><\/p>\n\n\n\n<p><strong><em>agradece a disponibilidade da Dona C\u00e2ndida,<\/em><\/strong> <strong><em>dos colegas e diretores de turma<\/em><\/strong> <strong><em>Anabela Henriques, Paula Bispo,\u00a0\u00a0Ana Lu\u00edsa Pinto, Teresa Bernardo,\u00a0<\/em><\/strong><\/p>\n\n\n\n<figure class=\"wp-block-gallery has-nested-images columns-default is-cropped wp-block-gallery-1 is-layout-flex wp-block-gallery-is-layout-flex\">\n<figure class=\"wp-block-image size-large\"><img loading=\"lazy\" decoding=\"async\" width=\"1024\" height=\"769\" data-id=\"1706\" src=\"https:\/\/agrupamentodealmeida.net\/prtl\/wp-content\/uploads\/2024\/06\/f4-1024x769.jpg\" alt=\"\" class=\"wp-image-1706\" srcset=\"https:\/\/agrupamentodealmeida.net\/prtl\/wp-content\/uploads\/2024\/06\/f4-1024x769.jpg 1024w, https:\/\/agrupamentodealmeida.net\/prtl\/wp-content\/uploads\/2024\/06\/f4-300x225.jpg 300w, https:\/\/agrupamentodealmeida.net\/prtl\/wp-content\/uploads\/2024\/06\/f4-768x577.jpg 768w, https:\/\/agrupamentodealmeida.net\/prtl\/wp-content\/uploads\/2024\/06\/f4-1536x1153.jpg 1536w, https:\/\/agrupamentodealmeida.net\/prtl\/wp-content\/uploads\/2024\/06\/f4-2048x1538.jpg 2048w\" sizes=\"(max-width: 1024px) 100vw, 1024px\" \/><\/figure>\n\n\n\n<figure class=\"wp-block-image size-large\"><img loading=\"lazy\" decoding=\"async\" width=\"1024\" height=\"768\" data-id=\"1704\" src=\"https:\/\/agrupamentodealmeida.net\/prtl\/wp-content\/uploads\/2024\/06\/f5-1024x768.jpg\" alt=\"\" class=\"wp-image-1704\" srcset=\"https:\/\/agrupamentodealmeida.net\/prtl\/wp-content\/uploads\/2024\/06\/f5-1024x768.jpg 1024w, https:\/\/agrupamentodealmeida.net\/prtl\/wp-content\/uploads\/2024\/06\/f5-300x225.jpg 300w, https:\/\/agrupamentodealmeida.net\/prtl\/wp-content\/uploads\/2024\/06\/f5-768x576.jpg 768w, https:\/\/agrupamentodealmeida.net\/prtl\/wp-content\/uploads\/2024\/06\/f5-1536x1152.jpg 1536w, https:\/\/agrupamentodealmeida.net\/prtl\/wp-content\/uploads\/2024\/06\/f5-2048x1536.jpg 2048w\" sizes=\"(max-width: 1024px) 100vw, 1024px\" \/><\/figure>\n\n\n\n<figure class=\"wp-block-image size-large\"><img loading=\"lazy\" decoding=\"async\" width=\"1024\" height=\"768\" data-id=\"1702\" src=\"https:\/\/agrupamentodealmeida.net\/prtl\/wp-content\/uploads\/2024\/06\/f6-1024x768.jpg\" alt=\"\" class=\"wp-image-1702\" srcset=\"https:\/\/agrupamentodealmeida.net\/prtl\/wp-content\/uploads\/2024\/06\/f6-1024x768.jpg 1024w, https:\/\/agrupamentodealmeida.net\/prtl\/wp-content\/uploads\/2024\/06\/f6-300x225.jpg 300w, https:\/\/agrupamentodealmeida.net\/prtl\/wp-content\/uploads\/2024\/06\/f6-768x576.jpg 768w, https:\/\/agrupamentodealmeida.net\/prtl\/wp-content\/uploads\/2024\/06\/f6-1536x1152.jpg 1536w, https:\/\/agrupamentodealmeida.net\/prtl\/wp-content\/uploads\/2024\/06\/f6.jpg 2000w\" sizes=\"(max-width: 1024px) 100vw, 1024px\" \/><\/figure>\n<\/figure>\n\n\n\n<p><strong><em>M\u00f3nica Pissarra, Paulo Adriano e V\u00edtor Robalo, autor do artigo.\u00a0<\/em><\/strong><\/p>\n","protected":false},"excerpt":{"rendered":"<p>Alunos visitam o Explorat\u00f3rio UC &#8211; Ci\u00eancia Viva em Coimbra\u00a0 No dia 29 de maio, os alunos do 2\u00ba e 3\u00ba ciclo da nossa escola tiveram a oportunidade de participar numa enriquecedora visita ao UC Explorat\u00f3rio &#8211; Ci\u00eancia Viva, em<\/p>\n","protected":false},"author":3,"featured_media":0,"comment_status":"closed","ping_status":"closed","sticky":false,"template":"","format":"standard","meta":{"footnotes":""},"categories":[14],"tags":[],"_links":{"self":[{"href":"https:\/\/agrupamentodealmeida.net\/prtl\/index.php?rest_route=\/wp\/v2\/posts\/1701"}],"collection":[{"href":"https:\/\/agrupamentodealmeida.net\/prtl\/index.php?rest_route=\/wp\/v2\/posts"}],"about":[{"href":"https:\/\/agrupamentodealmeida.net\/prtl\/index.php?rest_route=\/wp\/v2\/types\/post"}],"author":[{"embeddable":true,"href":"https:\/\/agrupamentodealmeida.net\/prtl\/index.php?rest_route=\/wp\/v2\/users\/3"}],"replies":[{"embeddable":true,"href":"https:\/\/agrupamentodealmeida.net\/prtl\/index.php?rest_route=%2Fwp%2Fv2%2Fcomments&post=1701"}],"version-history":[{"count":1,"href":"https:\/\/agrupamentodealmeida.net\/prtl\/index.php?rest_route=\/wp\/v2\/posts\/1701\/revisions"}],"predecessor-version":[{"id":1707,"href":"https:\/\/agrupamentodealmeida.net\/prtl\/index.php?rest_route=\/wp\/v2\/posts\/1701\/revisions\/1707"}],"wp:attachment":[{"href":"https:\/\/agrupamentodealmeida.net\/prtl\/index.php?rest_route=%2Fwp%2Fv2%2Fmedia&parent=1701"}],"wp:term":[{"taxonomy":"category","embeddable":true,"href":"https:\/\/agrupamentodealmeida.net\/prtl\/index.php?rest_route=%2Fwp%2Fv2%2Fcategories&post=1701"},{"taxonomy":"post_tag","embeddable":true,"href":"https:\/\/agrupamentodealmeida.net\/prtl\/index.php?rest_route=%2Fwp%2Fv2%2Ftags&post=1701"}],"curies":[{"name":"wp","href":"https:\/\/api.w.org\/{rel}","templated":true}]}}