{"id":1596,"date":"2024-02-12T10:34:21","date_gmt":"2024-02-12T09:34:21","guid":{"rendered":"https:\/\/agrupamentodealmeida.net\/prtl\/?p=1596"},"modified":"2024-02-12T10:35:43","modified_gmt":"2024-02-12T09:35:43","slug":"debate-com-o-deputado-antonio-monteirinho-22-de-janeiro-de-2024","status":"publish","type":"post","link":"https:\/\/agrupamentodealmeida.net\/prtl\/?p=1596","title":{"rendered":"Debate com o deputado Ant\u00f3nio Monteirinho &#8211; 22 de janeiro de 2024"},"content":{"rendered":"\n<p>No dia 22 de janeiro de 2024, pelas 14:00h, no Audit\u00f3rio de Almeida, aconteceu o debate com o Snr. deputado Ant\u00f3nio Monteirinho, no \u00e2mbito do Programa Parlamento dos Jovens. A organiza\u00e7\u00e3o coube ao Agrupamento de Escolas de Almeida (AEA), Coordena\u00e7\u00e3o do Parlamento dos Jovens, dado que a Escola B\u00e1sica e Secund\u00e1ria Dr Jos\u00e9 Casimiro Matias &#8211; Almeida est\u00e1 inscrita na edi\u00e7\u00e3o 2023\/2024 do referido programa (Secund\u00e1rio), o qual \u00e9 uma iniciativa parlamentar na \u00e1rea da cidadania e participa\u00e7\u00e3o, desde 1995.<\/p>\n\n\n\n<p>O debate teve como p\u00fablico alvo os alunos do Ensino Secund\u00e1rio, tendo assistido e participado cerca de seis dezenas de alunos, docentes, a diretora do AEA Eug\u00e9nia Pinto e o vice-Presidente do Munic\u00edpio de Almeida Alcino Morgado.<\/p>\n\n\n\n<p>O Snr deputado cumpriu com a sua miss\u00e3o de divulgar o Programa e motivar os jovens \u00e0 participa\u00e7\u00e3o ativa, c\u00edvica e pol\u00edtica, numa sociedade democr\u00e1tica, al\u00e9m de dar a conhecer a Assembleia da Rep\u00fablica. Os alunos tiveram a oportunidade de colocar quest\u00f5es ao Snr. deputado, eleito pelo c\u00edrculo da Guarda, na XV legislatura. As quest\u00f5es incidiram n\u00e3o s\u00f3 sobre o tema em discuss\u00e3o este ano \u00abViver Abril na educa\u00e7\u00e3o: caminhos para uma escola plural e participativa\u00bb, como em aspetos mais particulares da a\u00e7\u00e3o parlamentar do deputado do PS, nas comiss\u00f5es a que pertenceu.<\/p>\n\n\n\n<p>A coordenadora do Parlamento dos Jovens no AEA: Isabel A.B.Magalh\u00e3es<\/p>\n\n\n\n<figure class=\"wp-block-gallery has-nested-images columns-default is-cropped wp-block-gallery-1 is-layout-flex wp-block-gallery-is-layout-flex\">\n<figure class=\"wp-block-image size-large\"><img loading=\"lazy\" decoding=\"async\" width=\"1024\" height=\"768\" data-id=\"1599\" src=\"https:\/\/agrupamentodealmeida.net\/prtl\/wp-content\/uploads\/2024\/02\/20240122_142321-1024x768.jpg\" alt=\"\" class=\"wp-image-1599\" srcset=\"https:\/\/agrupamentodealmeida.net\/prtl\/wp-content\/uploads\/2024\/02\/20240122_142321-1024x768.jpg 1024w, https:\/\/agrupamentodealmeida.net\/prtl\/wp-content\/uploads\/2024\/02\/20240122_142321-300x225.jpg 300w, https:\/\/agrupamentodealmeida.net\/prtl\/wp-content\/uploads\/2024\/02\/20240122_142321-768x576.jpg 768w, https:\/\/agrupamentodealmeida.net\/prtl\/wp-content\/uploads\/2024\/02\/20240122_142321-1536x1152.jpg 1536w, https:\/\/agrupamentodealmeida.net\/prtl\/wp-content\/uploads\/2024\/02\/20240122_142321.jpg 2000w\" sizes=\"(max-width: 1024px) 100vw, 1024px\" \/><\/figure>\n\n\n\n<figure class=\"wp-block-image size-large\"><img loading=\"lazy\" decoding=\"async\" width=\"1024\" height=\"768\" data-id=\"1600\" src=\"https:\/\/agrupamentodealmeida.net\/prtl\/wp-content\/uploads\/2024\/02\/20240122_143028-1024x768.jpg\" alt=\"\" class=\"wp-image-1600\" srcset=\"https:\/\/agrupamentodealmeida.net\/prtl\/wp-content\/uploads\/2024\/02\/20240122_143028-1024x768.jpg 1024w, https:\/\/agrupamentodealmeida.net\/prtl\/wp-content\/uploads\/2024\/02\/20240122_143028-300x225.jpg 300w, https:\/\/agrupamentodealmeida.net\/prtl\/wp-content\/uploads\/2024\/02\/20240122_143028-768x576.jpg 768w, https:\/\/agrupamentodealmeida.net\/prtl\/wp-content\/uploads\/2024\/02\/20240122_143028-1536x1152.jpg 1536w, https:\/\/agrupamentodealmeida.net\/prtl\/wp-content\/uploads\/2024\/02\/20240122_143028.jpg 2000w\" sizes=\"(max-width: 1024px) 100vw, 1024px\" \/><\/figure>\n\n\n\n<figure class=\"wp-block-image size-large\"><img loading=\"lazy\" decoding=\"async\" width=\"1024\" height=\"768\" data-id=\"1602\" src=\"https:\/\/agrupamentodealmeida.net\/prtl\/wp-content\/uploads\/2024\/02\/20240122_143030-1024x768.jpg\" alt=\"\" class=\"wp-image-1602\" srcset=\"https:\/\/agrupamentodealmeida.net\/prtl\/wp-content\/uploads\/2024\/02\/20240122_143030-1024x768.jpg 1024w, https:\/\/agrupamentodealmeida.net\/prtl\/wp-content\/uploads\/2024\/02\/20240122_143030-300x225.jpg 300w, https:\/\/agrupamentodealmeida.net\/prtl\/wp-content\/uploads\/2024\/02\/20240122_143030-768x576.jpg 768w, https:\/\/agrupamentodealmeida.net\/prtl\/wp-content\/uploads\/2024\/02\/20240122_143030-1536x1152.jpg 1536w, https:\/\/agrupamentodealmeida.net\/prtl\/wp-content\/uploads\/2024\/02\/20240122_143030.jpg 2000w\" sizes=\"(max-width: 1024px) 100vw, 1024px\" \/><\/figure>\n\n\n\n<figure class=\"wp-block-image size-large\"><img loading=\"lazy\" decoding=\"async\" width=\"420\" height=\"610\" data-id=\"1601\" src=\"https:\/\/agrupamentodealmeida.net\/prtl\/wp-content\/uploads\/2024\/02\/cartaz_420x610_PJS_2024.png\" alt=\"\" class=\"wp-image-1601\" srcset=\"https:\/\/agrupamentodealmeida.net\/prtl\/wp-content\/uploads\/2024\/02\/cartaz_420x610_PJS_2024.png 420w, https:\/\/agrupamentodealmeida.net\/prtl\/wp-content\/uploads\/2024\/02\/cartaz_420x610_PJS_2024-207x300.png 207w\" sizes=\"(max-width: 420px) 100vw, 420px\" \/><\/figure>\n\n\n\n<figure class=\"wp-block-image\"><img decoding=\"async\" src=\"blob:https:\/\/agrupamentodealmeida.net\/16126994-b25c-4da6-ad73-1c7e5a479911\" alt=\"\"\/><\/figure>\n<\/figure>\n","protected":false},"excerpt":{"rendered":"<p>No dia 22 de janeiro de 2024, pelas 14:00h, no Audit\u00f3rio de Almeida, aconteceu o debate com o Snr. deputado Ant\u00f3nio Monteirinho, no \u00e2mbito do Programa Parlamento dos Jovens. A organiza\u00e7\u00e3o coube ao Agrupamento de Escolas de Almeida (AEA), Coordena\u00e7\u00e3o<\/p>\n","protected":false},"author":3,"featured_media":0,"comment_status":"closed","ping_status":"closed","sticky":false,"template":"","format":"standard","meta":{"footnotes":""},"categories":[14],"tags":[],"_links":{"self":[{"href":"https:\/\/agrupamentodealmeida.net\/prtl\/index.php?rest_route=\/wp\/v2\/posts\/1596"}],"collection":[{"href":"https:\/\/agrupamentodealmeida.net\/prtl\/index.php?rest_route=\/wp\/v2\/posts"}],"about":[{"href":"https:\/\/agrupamentodealmeida.net\/prtl\/index.php?rest_route=\/wp\/v2\/types\/post"}],"author":[{"embeddable":true,"href":"https:\/\/agrupamentodealmeida.net\/prtl\/index.php?rest_route=\/wp\/v2\/users\/3"}],"replies":[{"embeddable":true,"href":"https:\/\/agrupamentodealmeida.net\/prtl\/index.php?rest_route=%2Fwp%2Fv2%2Fcomments&post=1596"}],"version-history":[{"count":4,"href":"https:\/\/agrupamentodealmeida.net\/prtl\/index.php?rest_route=\/wp\/v2\/posts\/1596\/revisions"}],"predecessor-version":[{"id":1606,"href":"https:\/\/agrupamentodealmeida.net\/prtl\/index.php?rest_route=\/wp\/v2\/posts\/1596\/revisions\/1606"}],"wp:attachment":[{"href":"https:\/\/agrupamentodealmeida.net\/prtl\/index.php?rest_route=%2Fwp%2Fv2%2Fmedia&parent=1596"}],"wp:term":[{"taxonomy":"category","embeddable":true,"href":"https:\/\/agrupamentodealmeida.net\/prtl\/index.php?rest_route=%2Fwp%2Fv2%2Fcategories&post=1596"},{"taxonomy":"post_tag","embeddable":true,"href":"https:\/\/agrupamentodealmeida.net\/prtl\/index.php?rest_route=%2Fwp%2Fv2%2Ftags&post=1596"}],"curies":[{"name":"wp","href":"https:\/\/api.w.org\/{rel}","templated":true}]}}