{"id":1593,"date":"2024-02-08T10:43:37","date_gmt":"2024-02-08T09:43:37","guid":{"rendered":"https:\/\/agrupamentodealmeida.net\/prtl\/?p=1593"},"modified":"2024-02-08T10:45:56","modified_gmt":"2024-02-08T09:45:56","slug":"desfile-de-carnaval-informacao","status":"publish","type":"post","link":"https:\/\/agrupamentodealmeida.net\/prtl\/?p=1593","title":{"rendered":"Desfile de Carnaval &#8211; Informa\u00e7\u00e3o"},"content":{"rendered":"\n<p>Em virtude de se preverem condi\u00e7\u00f5es meteorol\u00f3gicas adversas no dia 9 de fevereiro,\u00a0 a atividade &#8220;Desfile de Carnaval&#8221; fica adiada para o dia 16 de fevereiro.<\/p>\n","protected":false},"excerpt":{"rendered":"<p>Em virtude de se preverem condi\u00e7\u00f5es meteorol\u00f3gicas adversas no dia 9 de fevereiro,\u00a0 a atividade &#8220;Desfile de Carnaval&#8221; fica adiada para o dia 16 de fevereiro.<\/p>\n","protected":false},"author":3,"featured_media":0,"comment_status":"closed","ping_status":"closed","sticky":false,"template":"","format":"standard","meta":{"footnotes":""},"categories":[14],"tags":[],"_links":{"self":[{"href":"https:\/\/agrupamentodealmeida.net\/prtl\/index.php?rest_route=\/wp\/v2\/posts\/1593"}],"collection":[{"href":"https:\/\/agrupamentodealmeida.net\/prtl\/index.php?rest_route=\/wp\/v2\/posts"}],"about":[{"href":"https:\/\/agrupamentodealmeida.net\/prtl\/index.php?rest_route=\/wp\/v2\/types\/post"}],"author":[{"embeddable":true,"href":"https:\/\/agrupamentodealmeida.net\/prtl\/index.php?rest_route=\/wp\/v2\/users\/3"}],"replies":[{"embeddable":true,"href":"https:\/\/agrupamentodealmeida.net\/prtl\/index.php?rest_route=%2Fwp%2Fv2%2Fcomments&post=1593"}],"version-history":[{"count":2,"href":"https:\/\/agrupamentodealmeida.net\/prtl\/index.php?rest_route=\/wp\/v2\/posts\/1593\/revisions"}],"predecessor-version":[{"id":1595,"href":"https:\/\/agrupamentodealmeida.net\/prtl\/index.php?rest_route=\/wp\/v2\/posts\/1593\/revisions\/1595"}],"wp:attachment":[{"href":"https:\/\/agrupamentodealmeida.net\/prtl\/index.php?rest_route=%2Fwp%2Fv2%2Fmedia&parent=1593"}],"wp:term":[{"taxonomy":"category","embeddable":true,"href":"https:\/\/agrupamentodealmeida.net\/prtl\/index.php?rest_route=%2Fwp%2Fv2%2Fcategories&post=1593"},{"taxonomy":"post_tag","embeddable":true,"href":"https:\/\/agrupamentodealmeida.net\/prtl\/index.php?rest_route=%2Fwp%2Fv2%2Ftags&post=1593"}],"curies":[{"name":"wp","href":"https:\/\/api.w.org\/{rel}","templated":true}]}}