{"id":1579,"date":"2024-01-12T10:21:34","date_gmt":"2024-01-12T09:21:34","guid":{"rendered":"https:\/\/agrupamentodealmeida.net\/prtl\/?p=1579"},"modified":"2024-01-12T10:21:35","modified_gmt":"2024-01-12T09:21:35","slug":"a-escola-ciencia-viva-2023-24","status":"publish","type":"post","link":"https:\/\/agrupamentodealmeida.net\/prtl\/?p=1579","title":{"rendered":"A Escola Ci\u00eancia Viva 2023\/24"},"content":{"rendered":"\n<p>A C\u00e2mara Municipal de Almeida e o Agrupamento de Escola de Almeida em parceria com a Plataforma de Ci\u00eancia Aberta, Barca D\u2019Alva promovem a semana \u201cA Escola Ci\u00eancia Viva\u201d junto dos alunos dos 3\u00ba e 4\u00baanos das Escolas que comp\u00f5em o agrupamento.<\/p>\n\n\n\n<p>A Escola Ci\u00eancia Viva \u00e9 uma iniciativa inovadora da Rede de Centros Ci\u00eancia Viva aplicada ao 1\u00ba ciclo do ensino b\u00e1sico, que se baseia num curr\u00edculo que combina o trabalho pr\u00e1tico e experimental no ensino das ci\u00eancias com os recursos e o ambiente educativo caracter\u00edsticos de um Centro de Ci\u00eancia.<\/p>\n\n\n\n<p>Esta iniciativa \u201cEscola Ci\u00eancia Viva\u201d ter\u00e1 a seguinte calendariza\u00e7\u00e3o:<\/p>\n\n\n\n<figure class=\"wp-block-table\"><table><tbody><tr><td>Data<\/td><td>Local<\/td><td>Ano escolar<\/td><\/tr><tr><td>8 a 11 de janeiro<\/td><td>CEAMA<\/td><td>3\u00baA<\/td><\/tr><tr><td>15 a 19 de janeiro<\/td><td>CEAMA<\/td><td>4\u00baA<\/td><\/tr><tr><td>22 a 26 de janeiro<\/td><td>Turismo- Vilar Formoso<\/td><td>3\u00baB<\/td><\/tr><tr><td>29 de janeiro a 2 de fevereiro<\/td><td>Turismo- Vilar Formoso<\/td><td>4\u00baB<\/td><\/tr><\/tbody><\/table><\/figure>\n\n\n\n<p>* \u00e0 exce\u00e7\u00e3o da 5\u00aa feira, que acontece na Plataforma de Ci\u00eancia Aberta.<\/p>\n\n\n\n<p><strong>Convite \u00e0s fam\u00edlias<\/strong><\/p>\n\n\n\n<p>Na 5<sup>a<\/sup> feira, convidam-se os Encarregados de Educa\u00e7\u00e3o e familiares &nbsp;dos alunos participantes para um lanche comunit\u00e1rio, no local da atividade, por volta das 17:30, para um momento informal de conversa e partilha.<\/p>\n","protected":false},"excerpt":{"rendered":"<p>A C\u00e2mara Municipal de Almeida e o Agrupamento de Escola de Almeida em parceria com a Plataforma de Ci\u00eancia Aberta, Barca D\u2019Alva promovem a semana \u201cA Escola Ci\u00eancia Viva\u201d junto dos alunos dos 3\u00ba e 4\u00baanos das Escolas que comp\u00f5em<\/p>\n","protected":false},"author":3,"featured_media":0,"comment_status":"closed","ping_status":"closed","sticky":false,"template":"","format":"standard","meta":{"footnotes":""},"categories":[14],"tags":[],"_links":{"self":[{"href":"https:\/\/agrupamentodealmeida.net\/prtl\/index.php?rest_route=\/wp\/v2\/posts\/1579"}],"collection":[{"href":"https:\/\/agrupamentodealmeida.net\/prtl\/index.php?rest_route=\/wp\/v2\/posts"}],"about":[{"href":"https:\/\/agrupamentodealmeida.net\/prtl\/index.php?rest_route=\/wp\/v2\/types\/post"}],"author":[{"embeddable":true,"href":"https:\/\/agrupamentodealmeida.net\/prtl\/index.php?rest_route=\/wp\/v2\/users\/3"}],"replies":[{"embeddable":true,"href":"https:\/\/agrupamentodealmeida.net\/prtl\/index.php?rest_route=%2Fwp%2Fv2%2Fcomments&post=1579"}],"version-history":[{"count":1,"href":"https:\/\/agrupamentodealmeida.net\/prtl\/index.php?rest_route=\/wp\/v2\/posts\/1579\/revisions"}],"predecessor-version":[{"id":1580,"href":"https:\/\/agrupamentodealmeida.net\/prtl\/index.php?rest_route=\/wp\/v2\/posts\/1579\/revisions\/1580"}],"wp:attachment":[{"href":"https:\/\/agrupamentodealmeida.net\/prtl\/index.php?rest_route=%2Fwp%2Fv2%2Fmedia&parent=1579"}],"wp:term":[{"taxonomy":"category","embeddable":true,"href":"https:\/\/agrupamentodealmeida.net\/prtl\/index.php?rest_route=%2Fwp%2Fv2%2Fcategories&post=1579"},{"taxonomy":"post_tag","embeddable":true,"href":"https:\/\/agrupamentodealmeida.net\/prtl\/index.php?rest_route=%2Fwp%2Fv2%2Ftags&post=1579"}],"curies":[{"name":"wp","href":"https:\/\/api.w.org\/{rel}","templated":true}]}}