{"id":1438,"date":"2023-12-13T12:34:31","date_gmt":"2023-12-13T11:34:31","guid":{"rendered":"https:\/\/agrupamentodealmeida.net\/prtl\/?p=1438"},"modified":"2023-12-14T10:15:50","modified_gmt":"2023-12-14T09:15:50","slug":"informacao-sobre-as-senhas-do-dia-14-e-15-dezembro-de-2023","status":"publish","type":"post","link":"https:\/\/agrupamentodealmeida.net\/prtl\/?p=1438","title":{"rendered":"Informa\u00e7\u00e3o sobre as senhas do dia 14 e 15 Dezembro de 2023"},"content":{"rendered":"\n<p><\/p>\n\n\n\n<p>Informo que as senhas de almo\u00e7o no dia 14 de dezembro para todos alunos da Escola Casimiro Matias foram anuladas pelos servi\u00e7os administrativos, uma vez que, ser\u00e1 o Munic\u00edpio  a oferec\u00ea-las. O mesmo acontece no dia 15 de dezembro para todos os alunos da Escola Secund\u00e1ria de Vilar Formoso cujas senhas tamb\u00e9m j\u00e1 foram anuladas.<\/p>\n\n\n\n<p>A Dire\u00e7\u00e3o do Agrupamento<\/p>\n","protected":false},"excerpt":{"rendered":"<p>Informo que as senhas de almo\u00e7o no dia 14 de dezembro para todos alunos da Escola Casimiro Matias foram anuladas pelos servi\u00e7os administrativos, uma vez que, ser\u00e1 o Munic\u00edpio a oferec\u00ea-las. O mesmo acontece no dia 15 de dezembro para<\/p>\n","protected":false},"author":3,"featured_media":0,"comment_status":"closed","ping_status":"closed","sticky":false,"template":"","format":"standard","meta":{"footnotes":""},"categories":[14],"tags":[],"_links":{"self":[{"href":"https:\/\/agrupamentodealmeida.net\/prtl\/index.php?rest_route=\/wp\/v2\/posts\/1438"}],"collection":[{"href":"https:\/\/agrupamentodealmeida.net\/prtl\/index.php?rest_route=\/wp\/v2\/posts"}],"about":[{"href":"https:\/\/agrupamentodealmeida.net\/prtl\/index.php?rest_route=\/wp\/v2\/types\/post"}],"author":[{"embeddable":true,"href":"https:\/\/agrupamentodealmeida.net\/prtl\/index.php?rest_route=\/wp\/v2\/users\/3"}],"replies":[{"embeddable":true,"href":"https:\/\/agrupamentodealmeida.net\/prtl\/index.php?rest_route=%2Fwp%2Fv2%2Fcomments&post=1438"}],"version-history":[{"count":3,"href":"https:\/\/agrupamentodealmeida.net\/prtl\/index.php?rest_route=\/wp\/v2\/posts\/1438\/revisions"}],"predecessor-version":[{"id":1481,"href":"https:\/\/agrupamentodealmeida.net\/prtl\/index.php?rest_route=\/wp\/v2\/posts\/1438\/revisions\/1481"}],"wp:attachment":[{"href":"https:\/\/agrupamentodealmeida.net\/prtl\/index.php?rest_route=%2Fwp%2Fv2%2Fmedia&parent=1438"}],"wp:term":[{"taxonomy":"category","embeddable":true,"href":"https:\/\/agrupamentodealmeida.net\/prtl\/index.php?rest_route=%2Fwp%2Fv2%2Fcategories&post=1438"},{"taxonomy":"post_tag","embeddable":true,"href":"https:\/\/agrupamentodealmeida.net\/prtl\/index.php?rest_route=%2Fwp%2Fv2%2Ftags&post=1438"}],"curies":[{"name":"wp","href":"https:\/\/api.w.org\/{rel}","templated":true}]}}